{"id":2807,"date":"2018-11-07T11:59:12","date_gmt":"2018-11-07T10:59:12","guid":{"rendered":"http:\/\/journalismes-info.ejdg.fr\/?p=2807"},"modified":"2018-12-06T11:59:39","modified_gmt":"2018-12-06T10:59:39","slug":"france-info-lance-une-appli-pour-initier-les-eleves-aux-medias","status":"publish","type":"post","link":"http:\/\/journalismes-info.ejdg.fr\/index.php\/2018\/11\/07\/france-info-lance-une-appli-pour-initier-les-eleves-aux-medias\/","title":{"rendered":"France info lance une appli pour initier les \u00e9l\u00e8ves aux m\u00e9dias"},"content":{"rendered":"<p>[et_pb_section bb_built=\u00a0\u00bb1&Prime;][et_pb_row][et_pb_column type=\u00a0\u00bb4_4&Prime;][et_pb_post_title _builder_version=\u00a0\u00bb3.0.75&Prime; title=\u00a0\u00bbon\u00a0\u00bb meta=\u00a0\u00bbon\u00a0\u00bb author=\u00a0\u00bbon\u00a0\u00bb date=\u00a0\u00bbon\u00a0\u00bb categories=\u00a0\u00bbon\u00a0\u00bb comments=\u00a0\u00bbon\u00a0\u00bb featured_image=\u00a0\u00bboff\u00a0\u00bb featured_placement=\u00a0\u00bbbelow\u00a0\u00bb text_color=\u00a0\u00bbdark\u00a0\u00bb text_background=\u00a0\u00bboff\u00a0\u00bb border_style=\u00a0\u00bbsolid\u00a0\u00bb text_orientation=\u00a0\u00bbcenter\u00a0\u00bb title_font=\u00a0\u00bb||||\u00a0\u00bb title_text_color=\u00a0\u00bbrgba(0,0,0,0.91)\u00a0\u00bb \/][\/et_pb_column][\/et_pb_row][et_pb_row][et_pb_column type=\u00a0\u00bb4_4&Prime;][et_pb_text _builder_version=\u00a0\u00bb3.0.75&Prime; background_layout=\u00a0\u00bblight\u00a0\u00bb border_style=\u00a0\u00bbsolid\u00a0\u00bb text_font_size=\u00a0\u00bb16&Prime;]<\/p>\n<p>La cha\u00eene d\u2019information publique propose d\u00e9sormais une application qui pourra \u00eatre utilis\u00e9e en classe. Elle permet aux \u00e9l\u00e8ves de comprendre le processus de cr\u00e9ation de l\u2019information en fabriquant des journaux radiophoniques de sept minutes. Ces derni\u00e8res ann\u00e9es, France info a d\u00e9velopp\u00e9 nombre d\u2019outils \u00e0 vis\u00e9e \u00e9ducative : l\u2019\u00e9mission Franceinfo junior, o\u00f9 les enfants peuvent poser des questions \u00e0 des sp\u00e9cialistes, l\u2019accueil pour des ateliers p\u00e9dagogiques ainsi que des interventions dans les classes. Cette fois-ci, la cha\u00eene s\u2019empare des possibilit\u00e9s du num\u00e9rique pour permettre aux \u00e9l\u00e8ves qui ne peuvent pas venir dans ses locaux de profiter des outils mis \u00e0 disposition. Une initiative qui r\u00e9pond \u00e0 la demande du minist\u00e8re de la Culture qui souhaite que les soci\u00e9t\u00e9s de l\u2019audiovisuel public \u00ab\u00a0renforcent leur mission \u00e9ducative\u00a0\u00bb. C\u2019est l&rsquo;un des pans du <a href=\"http:\/\/www.culture.gouv.fr\/Actualites\/Medias-un-plan-d-ensemble-pour-lutter-contre-la-desinformation\"><strong>plan d\u2019\u00e9ducation aux m\u00e9dias et \u00e0 l\u2019information de mars 2018.\u00a0<\/strong><\/a>L\u2019application est \u00e0 <strong><a href=\"https:\/\/www.maisondelaradio.fr\/page\/lappli-franceinfo-junior\">t\u00e9l\u00e9charger gratuitemen<\/a><a href=\"https:\/\/www.maisondelaradio.fr\/page\/lappli-franceinfo-junior\">t<\/a><\/strong> pour les enseignants. Petit b\u00e9mol, elle n\u2019est disponible que sur tablettes pour l\u2019instant.<\/p>\n<p>[\/et_pb_text][\/et_pb_column][\/et_pb_row][\/et_pb_section]<\/p>\n","protected":false},"excerpt":{"rendered":"<p>[et_pb_section bb_built=\u00a0\u00bb1&Prime;][et_pb_row][et_pb_column type=\u00a0\u00bb4_4&Prime;][et_pb_post_title _builder_version=\u00a0\u00bb3.0.75&Prime; title=\u00a0\u00bbon\u00a0\u00bb meta=\u00a0\u00bbon\u00a0\u00bb author=\u00a0\u00bbon\u00a0\u00bb date=\u00a0\u00bbon\u00a0\u00bb categories=\u00a0\u00bbon\u00a0\u00bb comments=\u00a0\u00bbon\u00a0\u00bb featured_image=\u00a0\u00bboff\u00a0\u00bb featured_placement=\u00a0\u00bbbelow\u00a0\u00bb text_color=\u00a0\u00bbdark\u00a0\u00bb text_background=\u00a0\u00bboff\u00a0\u00bb border_style=\u00a0\u00bbsolid\u00a0\u00bb text_orientation=\u00a0\u00bbcenter\u00a0\u00bb title_font=\u00a0\u00bb||||\u00a0\u00bb title_text_color=\u00a0\u00bbrgba(0,0,0,0.91)\u00a0\u00bb \/][\/et_pb_column][\/et_pb_row][et_pb_row][et_pb_column type=\u00a0\u00bb4_4&Prime;][et_pb_text _builder_version=\u00a0\u00bb3.0.75&Prime; background_layout=\u00a0\u00bblight\u00a0\u00bb border_style=\u00a0\u00bbsolid\u00a0\u00bb text_font_size=\u00a0\u00bb16&Prime;] La cha\u00eene d\u2019information publique propose d\u00e9sormais une application qui pourra \u00eatre utilis\u00e9e en classe. Elle permet aux \u00e9l\u00e8ves de comprendre le processus de cr\u00e9ation de l\u2019information en fabriquant des journaux radiophoniques [&hellip;]<\/p>\n","protected":false},"author":75,"featured_media":2809,"comment_status":"open","ping_status":"open","sticky":false,"template":"","format":"standard","meta":[],"categories":[2],"tags":[488,31,80,27,64,224],"_links":{"self":[{"href":"http:\/\/journalismes-info.ejdg.fr\/index.php\/wp-json\/wp\/v2\/posts\/2807"}],"collection":[{"href":"http:\/\/journalismes-info.ejdg.fr\/index.php\/wp-json\/wp\/v2\/posts"}],"about":[{"href":"http:\/\/journalismes-info.ejdg.fr\/index.php\/wp-json\/wp\/v2\/types\/post"}],"author":[{"embeddable":true,"href":"http:\/\/journalismes-info.ejdg.fr\/index.php\/wp-json\/wp\/v2\/users\/75"}],"replies":[{"embeddable":true,"href":"http:\/\/journalismes-info.ejdg.fr\/index.php\/wp-json\/wp\/v2\/comments?post=2807"}],"version-history":[{"count":5,"href":"http:\/\/journalismes-info.ejdg.fr\/index.php\/wp-json\/wp\/v2\/posts\/2807\/revisions"}],"predecessor-version":[{"id":3034,"href":"http:\/\/journalismes-info.ejdg.fr\/index.php\/wp-json\/wp\/v2\/posts\/2807\/revisions\/3034"}],"wp:featuredmedia":[{"embeddable":true,"href":"http:\/\/journalismes-info.ejdg.fr\/index.php\/wp-json\/wp\/v2\/media\/2809"}],"wp:attachment":[{"href":"http:\/\/journalismes-info.ejdg.fr\/index.php\/wp-json\/wp\/v2\/media?parent=2807"}],"wp:term":[{"taxonomy":"category","embeddable":true,"href":"http:\/\/journalismes-info.ejdg.fr\/index.php\/wp-json\/wp\/v2\/categories?post=2807"},{"taxonomy":"post_tag","embeddable":true,"href":"http:\/\/journalismes-info.ejdg.fr\/index.php\/wp-json\/wp\/v2\/tags?post=2807"}],"curies":[{"name":"wp","href":"https:\/\/api.w.org\/{rel}","templated":true}]}}