{"id":2763,"date":"2018-11-14T13:23:23","date_gmt":"2018-11-14T12:23:23","guid":{"rendered":"http:\/\/journalismes-info.ejdg.fr\/?p=2763"},"modified":"2018-12-06T13:23:40","modified_gmt":"2018-12-06T12:23:40","slug":"clique-tv-du-web-a-la-tele","status":"publish","type":"post","link":"http:\/\/journalismes-info.ejdg.fr\/index.php\/2018\/11\/14\/clique-tv-du-web-a-la-tele\/","title":{"rendered":"Clique TV: du web \u00e0 la t\u00e9l\u00e9"},"content":{"rendered":"<p>[et_pb_section bb_built=\u00a0\u00bb1&Prime;][et_pb_row][et_pb_column type=\u00a0\u00bb4_4&Prime;][et_pb_post_title _builder_version=\u00a0\u00bb3.0.75&Prime; title=\u00a0\u00bbon\u00a0\u00bb meta=\u00a0\u00bbon\u00a0\u00bb author=\u00a0\u00bbon\u00a0\u00bb date=\u00a0\u00bbon\u00a0\u00bb categories=\u00a0\u00bbon\u00a0\u00bb comments=\u00a0\u00bbon\u00a0\u00bb featured_image=\u00a0\u00bboff\u00a0\u00bb featured_placement=\u00a0\u00bbbelow\u00a0\u00bb text_color=\u00a0\u00bbdark\u00a0\u00bb text_background=\u00a0\u00bboff\u00a0\u00bb border_style=\u00a0\u00bbsolid\u00a0\u00bb text_orientation=\u00a0\u00bbcenter\u00a0\u00bb title_font=\u00a0\u00bb||||\u00a0\u00bb title_text_color=\u00a0\u00bbrgba(0,0,0,0.91)\u00a0\u00bb \/][\/et_pb_column][\/et_pb_row][et_pb_row][et_pb_column type=\u00a0\u00bb4_4&Prime;][et_pb_text _builder_version=\u00a0\u00bb3.0.75&Prime; background_layout=\u00a0\u00bblight\u00a0\u00bb border_style=\u00a0\u00bbsolid\u00a0\u00bb text_font_size=\u00a0\u00bb16&Prime;]<\/p>\n<p class=\"p1\"><span class=\"s1\">Depuis le 4 novembre 2018, une nouvelle cha\u00eene fait partie du bouquet Canal + : <strong><a href=\"http:\/\/www.clique.tv\/\">Clique TV<\/a><\/strong>. Mais Mouloud Achour, \u00e0 l\u2019origine du concept, a lanc\u00e9 Clique sur le site de Canal en 2014. Avec ce premier projet il voulait d\u00e9j\u00e0 apporter une vision plus urbaine et \u00ab\u00a0hip hop\u00a0\u00bb du journalisme. En pleine \u00e8re du num\u00e9rique, ses vid\u00e9os font un carton sur les r\u00e9seaux sociaux. M\u00eame son \u00e9mission hebdomadaire sur Canal+, \u00ab\u00a0Clique dimanche\u00a0\u00bb s\u2019est d\u2019abord faite conna\u00eetre sur internet. Lancer une cha\u00eene de t\u00e9l\u00e9vision, pour Mouloud Achour, c\u2019est encore plus ambitieux :<strong><a href=\"https:\/\/pressfrom.info\/fr\/actualite\/culture\/-162605-avec-clique-tv-mouloud-achour-veut-faire-emerger-une-nouvelle-generation.html\"> il esp\u00e8re faire \u00ab\u00a0\u00e9merger une nouvelle g\u00e9n\u00e9ration de journalistes, d\u2019animateurs\u00a0\u00bb<\/a><\/strong>. Mais Clique TV ne fait que pousser plus loin chacune des id\u00e9es d\u00e9j\u00e0 d\u00e9velopp\u00e9es sur le web comme les entretiens avec une personnalit\u00e9, ou la carte blanche \u00e0 un nouveau talent\u2026 A quoi s\u2019ajoutent maintenant une quotidienne \u00e0 18h, de la musique et des mini-s\u00e9ries. Selon un dirigeant de Canal, c\u2019est \u00ab<i>\u00a0MTV (qui) rencontre Arte<\/i>\u00a0\u00bb.<span class=\"Apple-converted-space\">\u00a0 <\/span>C\u2019est surtout l\u2019opportunit\u00e9 pour le groupe de s\u00e9duire tous ceux qui avaient abandonn\u00e9 la t\u00e9l\u00e9 pour le web. <\/span><\/p>\n<p>[\/et_pb_text][\/et_pb_column][\/et_pb_row][\/et_pb_section]<\/p>\n","protected":false},"excerpt":{"rendered":"<p>[et_pb_section bb_built=\u00a0\u00bb1&Prime;][et_pb_row][et_pb_column type=\u00a0\u00bb4_4&Prime;][et_pb_post_title _builder_version=\u00a0\u00bb3.0.75&Prime; title=\u00a0\u00bbon\u00a0\u00bb meta=\u00a0\u00bbon\u00a0\u00bb author=\u00a0\u00bbon\u00a0\u00bb date=\u00a0\u00bbon\u00a0\u00bb categories=\u00a0\u00bbon\u00a0\u00bb comments=\u00a0\u00bbon\u00a0\u00bb featured_image=\u00a0\u00bboff\u00a0\u00bb featured_placement=\u00a0\u00bbbelow\u00a0\u00bb text_color=\u00a0\u00bbdark\u00a0\u00bb text_background=\u00a0\u00bboff\u00a0\u00bb border_style=\u00a0\u00bbsolid\u00a0\u00bb text_orientation=\u00a0\u00bbcenter\u00a0\u00bb title_font=\u00a0\u00bb||||\u00a0\u00bb title_text_color=\u00a0\u00bbrgba(0,0,0,0.91)\u00a0\u00bb \/][\/et_pb_column][\/et_pb_row][et_pb_row][et_pb_column type=\u00a0\u00bb4_4&Prime;][et_pb_text _builder_version=\u00a0\u00bb3.0.75&Prime; background_layout=\u00a0\u00bblight\u00a0\u00bb border_style=\u00a0\u00bbsolid\u00a0\u00bb text_font_size=\u00a0\u00bb16&Prime;] Depuis le 4 novembre 2018, une nouvelle cha\u00eene fait partie du bouquet Canal + : Clique TV. Mais Mouloud Achour, \u00e0 l\u2019origine du concept, a lanc\u00e9 Clique sur le site de [&hellip;]<\/p>\n","protected":false},"author":80,"featured_media":2897,"comment_status":"open","ping_status":"open","sticky":false,"template":"","format":"standard","meta":[],"categories":[2],"tags":[452,472,85,53],"_links":{"self":[{"href":"http:\/\/journalismes-info.ejdg.fr\/index.php\/wp-json\/wp\/v2\/posts\/2763"}],"collection":[{"href":"http:\/\/journalismes-info.ejdg.fr\/index.php\/wp-json\/wp\/v2\/posts"}],"about":[{"href":"http:\/\/journalismes-info.ejdg.fr\/index.php\/wp-json\/wp\/v2\/types\/post"}],"author":[{"embeddable":true,"href":"http:\/\/journalismes-info.ejdg.fr\/index.php\/wp-json\/wp\/v2\/users\/80"}],"replies":[{"embeddable":true,"href":"http:\/\/journalismes-info.ejdg.fr\/index.php\/wp-json\/wp\/v2\/comments?post=2763"}],"version-history":[{"count":5,"href":"http:\/\/journalismes-info.ejdg.fr\/index.php\/wp-json\/wp\/v2\/posts\/2763\/revisions"}],"predecessor-version":[{"id":3081,"href":"http:\/\/journalismes-info.ejdg.fr\/index.php\/wp-json\/wp\/v2\/posts\/2763\/revisions\/3081"}],"wp:featuredmedia":[{"embeddable":true,"href":"http:\/\/journalismes-info.ejdg.fr\/index.php\/wp-json\/wp\/v2\/media\/2897"}],"wp:attachment":[{"href":"http:\/\/journalismes-info.ejdg.fr\/index.php\/wp-json\/wp\/v2\/media?parent=2763"}],"wp:term":[{"taxonomy":"category","embeddable":true,"href":"http:\/\/journalismes-info.ejdg.fr\/index.php\/wp-json\/wp\/v2\/categories?post=2763"},{"taxonomy":"post_tag","embeddable":true,"href":"http:\/\/journalismes-info.ejdg.fr\/index.php\/wp-json\/wp\/v2\/tags?post=2763"}],"curies":[{"name":"wp","href":"https:\/\/api.w.org\/{rel}","templated":true}]}}