{"id":2585,"date":"2018-11-14T14:32:30","date_gmt":"2018-11-14T13:32:30","guid":{"rendered":"http:\/\/journalismes-info.ejdg.fr\/?p=2585"},"modified":"2018-11-14T14:32:30","modified_gmt":"2018-11-14T13:32:30","slug":"strasbourg-le-site-va-dans-la-rue89","status":"publish","type":"post","link":"http:\/\/journalismes-info.ejdg.fr\/index.php\/2018\/11\/14\/strasbourg-le-site-va-dans-la-rue89\/","title":{"rendered":"Strasbourg : Le site va dans la Rue(89)"},"content":{"rendered":"<p>[et_pb_section bb_built=\u00a0\u00bb1&Prime;][et_pb_row][et_pb_column type=\u00a0\u00bb4_4&Prime;][et_pb_post_title _builder_version=\u00a0\u00bb3.0.75&Prime; title=\u00a0\u00bbon\u00a0\u00bb meta=\u00a0\u00bbon\u00a0\u00bb author=\u00a0\u00bbon\u00a0\u00bb date=\u00a0\u00bbon\u00a0\u00bb categories=\u00a0\u00bbon\u00a0\u00bb comments=\u00a0\u00bbon\u00a0\u00bb featured_image=\u00a0\u00bboff\u00a0\u00bb featured_placement=\u00a0\u00bbbelow\u00a0\u00bb text_color=\u00a0\u00bbdark\u00a0\u00bb text_background=\u00a0\u00bboff\u00a0\u00bb border_style=\u00a0\u00bbsolid\u00a0\u00bb text_orientation=\u00a0\u00bbcenter\u00a0\u00bb title_font=\u00a0\u00bb||||\u00a0\u00bb title_text_color=\u00a0\u00bbrgba(0,0,0,0.91)\u00a0\u00bb \/][\/et_pb_column][\/et_pb_row][et_pb_row][et_pb_column type=\u00a0\u00bb4_4&Prime;][et_pb_text _builder_version=\u00a0\u00bb3.0.75&Prime; background_layout=\u00a0\u00bblight\u00a0\u00bb border_style=\u00a0\u00bbsolid\u00a0\u00bb text_font_size=\u00a0\u00bb16&Prime;]<\/p>\n<p><em>Rue89 Strasbourg<\/em> a d\u00e9taill\u00e9 sa strat\u00e9gie locale au \u00a0<span style=\"text-decoration: underline;\"><a href=\"https:\/\/www.lenfestinstitute.org\/solution-set\/2018\/09\/27\/local-french-site-trying-reach-new-audiences-events\/\">Lenfest Institute<\/a>.<\/span>\u00a0Le m\u00e9dia essaie de f\u00e9d\u00e9rer son public avec des \u00e9v\u00e9nements. L&rsquo;objectif de ces manifestations est d&rsquo;attirer de nouveaux lecteurs et d&rsquo;en fid\u00e9liser d&rsquo;autres, pour qu&rsquo;ils s\u2019abonnent. En effet, le site internet d\u00e9pend exclusivement de ses visites sur internet et surtout de ses abonnements. Le m\u00e9dia organise plusieurs types de rendez-vous p\u00e9riodiques comme l&rsquo;interview d&rsquo;une\u00a0personnalit\u00e9 dans un bar de Strasbourg, des d\u00e9bats organis\u00e9s entre les lecteurs et universitaires, et la d\u00e9localisation de la\u00a0r\u00e9daction dans un quartier lors de laquelle les habitants choisissent des sujets qui sont ensuite trait\u00e9s par les journalistes. Le pure player pr\u00e9pare aussi des cin\u00e9s-clubs et des ap\u00e9ros, et commence d\u00e8s cet automne \u00e0 mesurer les r\u00e9sultats de l&rsquo;organisation de ses \u00e9v\u00e9nements. La r\u00e9daction ne pourra continuer ce genre de manifestation gratuite uniquement si des b\u00e9n\u00e9fices se font ressentir sur le nombre d\u2019abonnements.<\/p>\n<p>[\/et_pb_text][et_pb_text _builder_version=\u00a0\u00bb3.0.75&Prime; background_layout=\u00a0\u00bblight\u00a0\u00bb border_style=\u00a0\u00bbsolid\u00a0\u00bb]<\/p>\n<p>Image :\u00a0Rue89 Strabourg tiendra son prochain \u00e9v\u00e9nement dans le quartier de la Laiterie.<\/p>\n<p>[\/et_pb_text][\/et_pb_column][\/et_pb_row][\/et_pb_section]<\/p>\n","protected":false},"excerpt":{"rendered":"<p>[et_pb_section bb_built=\u00a0\u00bb1&Prime;][et_pb_row][et_pb_column type=\u00a0\u00bb4_4&Prime;][et_pb_post_title _builder_version=\u00a0\u00bb3.0.75&Prime; title=\u00a0\u00bbon\u00a0\u00bb meta=\u00a0\u00bbon\u00a0\u00bb author=\u00a0\u00bbon\u00a0\u00bb date=\u00a0\u00bbon\u00a0\u00bb categories=\u00a0\u00bbon\u00a0\u00bb comments=\u00a0\u00bbon\u00a0\u00bb featured_image=\u00a0\u00bboff\u00a0\u00bb featured_placement=\u00a0\u00bbbelow\u00a0\u00bb text_color=\u00a0\u00bbdark\u00a0\u00bb text_background=\u00a0\u00bboff\u00a0\u00bb border_style=\u00a0\u00bbsolid\u00a0\u00bb text_orientation=\u00a0\u00bbcenter\u00a0\u00bb title_font=\u00a0\u00bb||||\u00a0\u00bb title_text_color=\u00a0\u00bbrgba(0,0,0,0.91)\u00a0\u00bb \/][\/et_pb_column][\/et_pb_row][et_pb_row][et_pb_column type=\u00a0\u00bb4_4&Prime;][et_pb_text _builder_version=\u00a0\u00bb3.0.75&Prime; background_layout=\u00a0\u00bblight\u00a0\u00bb border_style=\u00a0\u00bbsolid\u00a0\u00bb text_font_size=\u00a0\u00bb16&Prime;] Rue89 Strasbourg a d\u00e9taill\u00e9 sa strat\u00e9gie locale au \u00a0Lenfest Institute.\u00a0Le m\u00e9dia essaie de f\u00e9d\u00e9rer son public avec des \u00e9v\u00e9nements. L&rsquo;objectif de ces manifestations est d&rsquo;attirer de nouveaux lecteurs et d&rsquo;en fid\u00e9liser [&hellip;]<\/p>\n","protected":false},"author":62,"featured_media":2590,"comment_status":"open","ping_status":"open","sticky":false,"template":"","format":"standard","meta":[],"categories":[2],"tags":[245,434,98,432,433],"_links":{"self":[{"href":"http:\/\/journalismes-info.ejdg.fr\/index.php\/wp-json\/wp\/v2\/posts\/2585"}],"collection":[{"href":"http:\/\/journalismes-info.ejdg.fr\/index.php\/wp-json\/wp\/v2\/posts"}],"about":[{"href":"http:\/\/journalismes-info.ejdg.fr\/index.php\/wp-json\/wp\/v2\/types\/post"}],"author":[{"embeddable":true,"href":"http:\/\/journalismes-info.ejdg.fr\/index.php\/wp-json\/wp\/v2\/users\/62"}],"replies":[{"embeddable":true,"href":"http:\/\/journalismes-info.ejdg.fr\/index.php\/wp-json\/wp\/v2\/comments?post=2585"}],"version-history":[{"count":8,"href":"http:\/\/journalismes-info.ejdg.fr\/index.php\/wp-json\/wp\/v2\/posts\/2585\/revisions"}],"predecessor-version":[{"id":2839,"href":"http:\/\/journalismes-info.ejdg.fr\/index.php\/wp-json\/wp\/v2\/posts\/2585\/revisions\/2839"}],"wp:featuredmedia":[{"embeddable":true,"href":"http:\/\/journalismes-info.ejdg.fr\/index.php\/wp-json\/wp\/v2\/media\/2590"}],"wp:attachment":[{"href":"http:\/\/journalismes-info.ejdg.fr\/index.php\/wp-json\/wp\/v2\/media?parent=2585"}],"wp:term":[{"taxonomy":"category","embeddable":true,"href":"http:\/\/journalismes-info.ejdg.fr\/index.php\/wp-json\/wp\/v2\/categories?post=2585"},{"taxonomy":"post_tag","embeddable":true,"href":"http:\/\/journalismes-info.ejdg.fr\/index.php\/wp-json\/wp\/v2\/tags?post=2585"}],"curies":[{"name":"wp","href":"https:\/\/api.w.org\/{rel}","templated":true}]}}