{"id":2478,"date":"2018-10-15T11:42:04","date_gmt":"2018-10-15T09:42:04","guid":{"rendered":"http:\/\/journalismes-info.ejdg.fr\/?p=2478"},"modified":"2018-11-28T11:44:42","modified_gmt":"2018-11-28T10:44:42","slug":"les-jours-obtiendra-t-il-ses-5-000-abonnes","status":"publish","type":"post","link":"http:\/\/journalismes-info.ejdg.fr\/index.php\/2018\/10\/15\/les-jours-obtiendra-t-il-ses-5-000-abonnes\/","title":{"rendered":"Les jours obtiendra-t-il ses 5 000 abonn\u00e9s ?"},"content":{"rendered":"<p>[et_pb_section bb_built=\u00a0\u00bb1&Prime;][et_pb_row][et_pb_column type=\u00a0\u00bb4_4&Prime;][et_pb_post_title _builder_version=\u00a0\u00bb3.0.75&Prime; title=\u00a0\u00bbon\u00a0\u00bb meta=\u00a0\u00bbon\u00a0\u00bb author=\u00a0\u00bbon\u00a0\u00bb date=\u00a0\u00bbon\u00a0\u00bb categories=\u00a0\u00bbon\u00a0\u00bb comments=\u00a0\u00bbon\u00a0\u00bb featured_image=\u00a0\u00bboff\u00a0\u00bb featured_placement=\u00a0\u00bbbelow\u00a0\u00bb text_color=\u00a0\u00bbdark\u00a0\u00bb text_background=\u00a0\u00bboff\u00a0\u00bb border_style=\u00a0\u00bbsolid\u00a0\u00bb text_orientation=\u00a0\u00bbcenter\u00a0\u00bb title_font=\u00a0\u00bb||||\u00a0\u00bb title_text_color=\u00a0\u00bbrgba(0,0,0,0.91)\u00a0\u00bb \/][\/et_pb_column][\/et_pb_row][et_pb_row][et_pb_column type=\u00a0\u00bb4_4&Prime;][et_pb_text _builder_version=\u00a0\u00bb3.0.75&Prime; background_layout=\u00a0\u00bblight\u00a0\u00bb border_style=\u00a0\u00bbsolid\u00a0\u00bb text_font_size=\u00a0\u00bb16&Prime; saved_tabs=\u00a0\u00bball\u00a0\u00bb]<\/p>\n<p>Les Jours parviendra-t-il \u00e0 ses objectifs\u00a0? Le site web d\u2019information cr\u00e9\u00e9 en 2016, s\u2019est lanc\u00e9 un d\u00e9fi d\u00e9but juin 2018: obtenir 5 000 abonn\u00e9s suppl\u00e9mentaires avant le 31 octobre 2018. A ce jour, seules 3 345 personnes ont adh\u00e9r\u00e9 aux <em>Jours<\/em>. Ces abonnements sont n\u00e9cessaires pour la survie du site. Pr\u00f4nant un journalisme approfondi, ind\u00e9pendant et sans publicit\u00e9, le site emploie quinze salari\u00e9s et fait r\u00e9guli\u00e8rement appel \u00e0 des collaborateurs externes. De nombreux journalistes et m\u00e9dias fran\u00e7ais ont appel\u00e9 \u00e0 soutenir le site comme <strong><a href=\"https:\/\/twitter.com\/LaurentBorredon\/status\/1054955315660288000\">Laurent Borredon<\/a><\/strong> du <em>Monde<\/em> ou <strong><a href=\"https:\/\/twitter.com\/OlivierChauve\/status\/1056500162120556545\">Olivier Chauve<\/a> <\/strong>de France Info. <em>Les Jours<\/em> raconte l\u2019actualit\u00e9 \u00e0 la mani\u00e8re de s\u00e9ries avec des \u00e9pisodes qui sortent r\u00e9guli\u00e8rement. Il s\u2019est majoritairement fait conna\u00eetre en 2017 apr\u00e8s que l\u2019une de ses enqu\u00eates a remport\u00e9 le prix Albert Londres. \u00c9crite par David Thomson, la s\u00e9rie qui porte sur le retour en France des djihadistes fran\u00e7ais a \u00e9t\u00e9 adapt\u00e9e en livre sous \u00ab\u00a0Les Revenants\u00a0\u00bb.<\/p>\n<p><span style=\"font-family: 'Calibri Light', sans-serif;\">Image issue du site <em>Les Jours<\/em>.<\/span><\/p>\n<p>[\/et_pb_text][\/et_pb_column][\/et_pb_row][\/et_pb_section]<\/p>\n","protected":false},"excerpt":{"rendered":"<p>[et_pb_section bb_built=\u00a0\u00bb1&Prime;][et_pb_row][et_pb_column type=\u00a0\u00bb4_4&Prime;][et_pb_post_title _builder_version=\u00a0\u00bb3.0.75&Prime; title=\u00a0\u00bbon\u00a0\u00bb meta=\u00a0\u00bbon\u00a0\u00bb author=\u00a0\u00bbon\u00a0\u00bb date=\u00a0\u00bbon\u00a0\u00bb categories=\u00a0\u00bbon\u00a0\u00bb comments=\u00a0\u00bbon\u00a0\u00bb featured_image=\u00a0\u00bboff\u00a0\u00bb featured_placement=\u00a0\u00bbbelow\u00a0\u00bb text_color=\u00a0\u00bbdark\u00a0\u00bb text_background=\u00a0\u00bboff\u00a0\u00bb border_style=\u00a0\u00bbsolid\u00a0\u00bb text_orientation=\u00a0\u00bbcenter\u00a0\u00bb title_font=\u00a0\u00bb||||\u00a0\u00bb title_text_color=\u00a0\u00bbrgba(0,0,0,0.91)\u00a0\u00bb \/][\/et_pb_column][\/et_pb_row][et_pb_row][et_pb_column type=\u00a0\u00bb4_4&Prime;][et_pb_text _builder_version=\u00a0\u00bb3.0.75&Prime; background_layout=\u00a0\u00bblight\u00a0\u00bb border_style=\u00a0\u00bbsolid\u00a0\u00bb text_font_size=\u00a0\u00bb16&Prime; saved_tabs=\u00a0\u00bball\u00a0\u00bb] Les Jours parviendra-t-il \u00e0 ses objectifs\u00a0? Le site web d\u2019information cr\u00e9\u00e9 en 2016, s\u2019est lanc\u00e9 un d\u00e9fi d\u00e9but juin 2018: obtenir 5 000 abonn\u00e9s suppl\u00e9mentaires avant le 31 octobre 2018. [&hellip;]<\/p>\n","protected":false},"author":69,"featured_media":2774,"comment_status":"open","ping_status":"open","sticky":false,"template":"","format":"standard","meta":[],"categories":[2],"tags":[416,418,414,417,415],"_links":{"self":[{"href":"http:\/\/journalismes-info.ejdg.fr\/index.php\/wp-json\/wp\/v2\/posts\/2478"}],"collection":[{"href":"http:\/\/journalismes-info.ejdg.fr\/index.php\/wp-json\/wp\/v2\/posts"}],"about":[{"href":"http:\/\/journalismes-info.ejdg.fr\/index.php\/wp-json\/wp\/v2\/types\/post"}],"author":[{"embeddable":true,"href":"http:\/\/journalismes-info.ejdg.fr\/index.php\/wp-json\/wp\/v2\/users\/69"}],"replies":[{"embeddable":true,"href":"http:\/\/journalismes-info.ejdg.fr\/index.php\/wp-json\/wp\/v2\/comments?post=2478"}],"version-history":[{"count":10,"href":"http:\/\/journalismes-info.ejdg.fr\/index.php\/wp-json\/wp\/v2\/posts\/2478\/revisions"}],"predecessor-version":[{"id":2934,"href":"http:\/\/journalismes-info.ejdg.fr\/index.php\/wp-json\/wp\/v2\/posts\/2478\/revisions\/2934"}],"wp:featuredmedia":[{"embeddable":true,"href":"http:\/\/journalismes-info.ejdg.fr\/index.php\/wp-json\/wp\/v2\/media\/2774"}],"wp:attachment":[{"href":"http:\/\/journalismes-info.ejdg.fr\/index.php\/wp-json\/wp\/v2\/media?parent=2478"}],"wp:term":[{"taxonomy":"category","embeddable":true,"href":"http:\/\/journalismes-info.ejdg.fr\/index.php\/wp-json\/wp\/v2\/categories?post=2478"},{"taxonomy":"post_tag","embeddable":true,"href":"http:\/\/journalismes-info.ejdg.fr\/index.php\/wp-json\/wp\/v2\/tags?post=2478"}],"curies":[{"name":"wp","href":"https:\/\/api.w.org\/{rel}","templated":true}]}}