{"id":2455,"date":"2018-10-15T11:07:07","date_gmt":"2018-10-15T09:07:07","guid":{"rendered":"http:\/\/journalismes-info.ejdg.fr\/?p=2455"},"modified":"2018-12-06T11:09:41","modified_gmt":"2018-12-06T10:09:41","slug":"anatomy-of-a-killing-linvestigation-originale-de-la-bbc-pour-resoudre-un-meurtre","status":"publish","type":"post","link":"http:\/\/journalismes-info.ejdg.fr\/index.php\/2018\/10\/15\/anatomy-of-a-killing-linvestigation-originale-de-la-bbc-pour-resoudre-un-meurtre\/","title":{"rendered":"\u00ab Anatomy of a Killing \u00bb : l\u2019investigation originale de la BBC pour r\u00e9soudre un meurtre"},"content":{"rendered":"<p>[et_pb_section bb_built=\u00a0\u00bb1&Prime;][et_pb_row _builder_version=\u00a0\u00bb3.0.75&Prime;][et_pb_column type=\u00a0\u00bb4_4&Prime;][et_pb_post_title _builder_version=\u00a0\u00bb3.0.75&Prime; title=\u00a0\u00bbon\u00a0\u00bb meta=\u00a0\u00bbon\u00a0\u00bb author=\u00a0\u00bbon\u00a0\u00bb date=\u00a0\u00bbon\u00a0\u00bb categories=\u00a0\u00bbon\u00a0\u00bb comments=\u00a0\u00bbon\u00a0\u00bb featured_image=\u00a0\u00bboff\u00a0\u00bb featured_placement=\u00a0\u00bbbelow\u00a0\u00bb text_color=\u00a0\u00bbdark\u00a0\u00bb text_background=\u00a0\u00bboff\u00a0\u00bb border_style=\u00a0\u00bbsolid\u00a0\u00bb text_orientation=\u00a0\u00bbcenter\u00a0\u00bb title_font=\u00a0\u00bb||||\u00a0\u00bb title_text_color=\u00a0\u00bbrgba(0,0,0,0.91)\u00a0\u00bb \/][\/et_pb_column][\/et_pb_row][et_pb_row _builder_version=\u00a0\u00bb3.0.75&Prime;][et_pb_column type=\u00a0\u00bb4_4&Prime;][et_pb_text _builder_version=\u00a0\u00bb3.0.75&Prime; background_layout=\u00a0\u00bblight\u00a0\u00bb border_style=\u00a0\u00bbsolid\u00a0\u00bb text_font_size=\u00a0\u00bb16&Prime;]<\/p>\n<p>Au mois de juillet 2018, <strong><a href=\"https:\/\/www.lemonde.fr\/afrique\/video\/2018\/07\/19\/au-cameroun-une-video-montre-des-femmes-et-des-enfants-executes-par-des-hommes-en-tenue-militaire_5333750_3212.html\">une vid\u00e9o post\u00e9e anonymement sur le net<\/a><\/strong> est devenue virale. Elle montrait l\u2019ex\u00e9cution \u00e0 bout portant de deux femmes et de leurs enfants, sans identifier le lieu, la date, ni les assassins. Pendant deux mois,<strong> <a href=\"https:\/\/www.lexpress.fr\/actualite\/medias\/meurtres-au-cameroun-la-prouesse-journalistique-de-la-bbc_2036849.html\">la BBC a men\u00e9 son enqu\u00eate<\/a><\/strong>, sans se rendre sur place, afin d\u2019en \u00e9claircir les causes. L\u2019\u00e9quipe d\u2019investigation a d\u2019abord utilis\u00e9 <em>Google Earth<\/em>, pour reconna\u00eetre les lieux et les faire correspondre au paysage de la vid\u00e9o. Ils ont analys\u00e9 le climat et la direction du soleil pour d\u00e9finir la dates de la vid\u00e9o. Sur Facebook, ils ont r\u00e9ussi \u00e0 identifier trois des hommes qui ont tir\u00e9 sur les victimes. Des moyens facilement utilisables par tous ceux qui ont un acc\u00e8s Internet, mais aujourd\u2019hui tr\u00e8s critiqu\u00e9s. Le tout a \u00e9t\u00e9 retransmis via un thread sur Twitter. Si le thread n\u2019est pas une pratique nouvelle, le fait de l\u2019avoir retransmis de cette mani\u00e8re a donn\u00e9 encore plus de visibilit\u00e9 \u00e0 cette affaire. Les journalistes de BBC Africa souhaitent m\u00eame renouveler l\u2019exp\u00e9rience, apr\u00e8s de nombreux retours positifs sur leur investigation.<\/p>\n<p>[\/et_pb_text][\/et_pb_column][\/et_pb_row][\/et_pb_section]<\/p>\n","protected":false},"excerpt":{"rendered":"<p>[et_pb_section bb_built=\u00a0\u00bb1&Prime;][et_pb_row _builder_version=\u00a0\u00bb3.0.75&Prime;][et_pb_column type=\u00a0\u00bb4_4&Prime;][et_pb_post_title _builder_version=\u00a0\u00bb3.0.75&Prime; title=\u00a0\u00bbon\u00a0\u00bb meta=\u00a0\u00bbon\u00a0\u00bb author=\u00a0\u00bbon\u00a0\u00bb date=\u00a0\u00bbon\u00a0\u00bb categories=\u00a0\u00bbon\u00a0\u00bb comments=\u00a0\u00bbon\u00a0\u00bb featured_image=\u00a0\u00bboff\u00a0\u00bb featured_placement=\u00a0\u00bbbelow\u00a0\u00bb text_color=\u00a0\u00bbdark\u00a0\u00bb text_background=\u00a0\u00bboff\u00a0\u00bb border_style=\u00a0\u00bbsolid\u00a0\u00bb text_orientation=\u00a0\u00bbcenter\u00a0\u00bb title_font=\u00a0\u00bb||||\u00a0\u00bb title_text_color=\u00a0\u00bbrgba(0,0,0,0.91)\u00a0\u00bb \/][\/et_pb_column][\/et_pb_row][et_pb_row _builder_version=\u00a0\u00bb3.0.75&Prime;][et_pb_column type=\u00a0\u00bb4_4&Prime;][et_pb_text _builder_version=\u00a0\u00bb3.0.75&Prime; background_layout=\u00a0\u00bblight\u00a0\u00bb border_style=\u00a0\u00bbsolid\u00a0\u00bb text_font_size=\u00a0\u00bb16&Prime;] Au mois de juillet 2018, une vid\u00e9o post\u00e9e anonymement sur le net est devenue virale. Elle montrait l\u2019ex\u00e9cution \u00e0 bout portant de deux femmes et de leurs enfants, sans [&hellip;]<\/p>\n","protected":false},"author":74,"featured_media":2683,"comment_status":"open","ping_status":"open","sticky":false,"template":"","format":"standard","meta":[],"categories":[2],"tags":[68,411,342,230,412,33],"_links":{"self":[{"href":"http:\/\/journalismes-info.ejdg.fr\/index.php\/wp-json\/wp\/v2\/posts\/2455"}],"collection":[{"href":"http:\/\/journalismes-info.ejdg.fr\/index.php\/wp-json\/wp\/v2\/posts"}],"about":[{"href":"http:\/\/journalismes-info.ejdg.fr\/index.php\/wp-json\/wp\/v2\/types\/post"}],"author":[{"embeddable":true,"href":"http:\/\/journalismes-info.ejdg.fr\/index.php\/wp-json\/wp\/v2\/users\/74"}],"replies":[{"embeddable":true,"href":"http:\/\/journalismes-info.ejdg.fr\/index.php\/wp-json\/wp\/v2\/comments?post=2455"}],"version-history":[{"count":5,"href":"http:\/\/journalismes-info.ejdg.fr\/index.php\/wp-json\/wp\/v2\/posts\/2455\/revisions"}],"predecessor-version":[{"id":2978,"href":"http:\/\/journalismes-info.ejdg.fr\/index.php\/wp-json\/wp\/v2\/posts\/2455\/revisions\/2978"}],"wp:featuredmedia":[{"embeddable":true,"href":"http:\/\/journalismes-info.ejdg.fr\/index.php\/wp-json\/wp\/v2\/media\/2683"}],"wp:attachment":[{"href":"http:\/\/journalismes-info.ejdg.fr\/index.php\/wp-json\/wp\/v2\/media?parent=2455"}],"wp:term":[{"taxonomy":"category","embeddable":true,"href":"http:\/\/journalismes-info.ejdg.fr\/index.php\/wp-json\/wp\/v2\/categories?post=2455"},{"taxonomy":"post_tag","embeddable":true,"href":"http:\/\/journalismes-info.ejdg.fr\/index.php\/wp-json\/wp\/v2\/tags?post=2455"}],"curies":[{"name":"wp","href":"https:\/\/api.w.org\/{rel}","templated":true}]}}