{"id":2379,"date":"2018-11-07T11:36:49","date_gmt":"2018-11-07T10:36:49","guid":{"rendered":"http:\/\/journalismes-info.ejdg.fr\/?p=2379"},"modified":"2018-11-28T11:36:56","modified_gmt":"2018-11-28T10:36:56","slug":"la-collab-de-linfo-journalistes-et-youtubers-pour-leducation-aux-medias","status":"publish","type":"post","link":"http:\/\/journalismes-info.ejdg.fr\/index.php\/2018\/11\/07\/la-collab-de-linfo-journalistes-et-youtubers-pour-leducation-aux-medias\/","title":{"rendered":"\u00ab\u00a0La collab&rsquo; de l&rsquo;info\u00a0\u00bb: Journalistes et YouTubers pour l&rsquo;\u00e9ducation aux m\u00e9dias"},"content":{"rendered":"<p>[et_pb_section bb_built=\u00a0\u00bb1&Prime;][et_pb_row][et_pb_column type=\u00a0\u00bb4_4&Prime;][et_pb_post_title _builder_version=\u00a0\u00bb3.0.75&Prime; title=\u00a0\u00bbon\u00a0\u00bb meta=\u00a0\u00bbon\u00a0\u00bb author=\u00a0\u00bbon\u00a0\u00bb date=\u00a0\u00bbon\u00a0\u00bb categories=\u00a0\u00bbon\u00a0\u00bb comments=\u00a0\u00bbon\u00a0\u00bb featured_image=\u00a0\u00bboff\u00a0\u00bb featured_placement=\u00a0\u00bbbelow\u00a0\u00bb text_color=\u00a0\u00bbdark\u00a0\u00bb text_background=\u00a0\u00bboff\u00a0\u00bb border_style=\u00a0\u00bbsolid\u00a0\u00bb text_orientation=\u00a0\u00bbcenter\u00a0\u00bb title_font=\u00a0\u00bb||||\u00a0\u00bb title_text_color=\u00a0\u00bbrgba(0,0,0,0.91)\u00a0\u00bb \/][\/et_pb_column][\/et_pb_row][et_pb_row][et_pb_column type=\u00a0\u00bb4_4&Prime;][et_pb_text _builder_version=\u00a0\u00bb3.0.75&Prime; background_layout=\u00a0\u00bblight\u00a0\u00bb border_style=\u00a0\u00bbsolid\u00a0\u00bb text_font_size=\u00a0\u00bb16&Prime;]<\/p>\n<div>Depuis le 18 octobre 2018, France T\u00e9l\u00e9visions propose <a href=\"https:\/\/education.francetv.fr\/matiere\/education-aux-medias\/seconde\/programme\/la-collab-de-l-info\"><strong>une mini-s\u00e9rie de quinze vid\u00e9os<\/strong><\/a> sur sa plateforme \u00e9ducative Francetv \u00c9ducation. Mais ce projet d&rsquo;\u00e9ducation aux m\u00e9dias est particulier: il est le fruit d\u2019une collaboration \u00e9troite entre des journalistes de France TV et des YouTubers. La s\u00e9rie s\u2019adresse aux adolescents \u00e0 partir de l&rsquo;\u00e2ge de 13 ans. L\u2019objectif est donc de les aider \u00e0 \u00eatre actifs lors de la r\u00e9ception de l\u2019information: d\u00e9velopper son esprit critique, et apprendre des m\u00e9thodes de d\u00e9cryptage. Pour ce faire chaque duo journaliste\/YouTuber traite d&rsquo;une th\u00e9matique: le fact-checking, le cadrage d\u2019une image, les donn\u00e9es personnelles, etc. Un tel partenariat est rare. Mais ce n\u2019est pas que l\u2019engagement pour l\u2019\u00e9ducation aux m\u00e9dias qui les rassemble. Ils vivent aussi les m\u00eames pr\u00e9occupations: leur cr\u00e9dibilit\u00e9 est souvent remise en cause. Les YouTubers sont souvent <strong><a href=\"https:\/\/student.unifr.ch\/spectrum\/2018\/03\/youtube-vulgarisation-historique-lenvers-decor\/\">questionn\u00e9s sur leur l\u00e9gitimit\u00e9 \u00e0 traiter des sujets s\u00e9rieux<\/a><\/strong>, pendant que<strong><a href=\"https:\/\/www.lemonde.fr\/actualite-medias\/article\/2017\/02\/02\/la-confiance-dans-les-medias-poursuit-sa-chute_5073654_3236.html\"> la confiance des Fran\u00e7ais dans les m\u00e9dias est en baisse<\/a>.<\/strong> La \u00ab Collab\u2019 de l\u2019info\u00a0\u00bb est donc sans doute aussi l\u2019occasion de se justifier sur leurs m\u00e9thodes de travail.<\/div>\n<p>[\/et_pb_text][\/et_pb_column][\/et_pb_row][\/et_pb_section]<\/p>\n","protected":false},"excerpt":{"rendered":"<p>[et_pb_section bb_built=\u00a0\u00bb1&Prime;][et_pb_row][et_pb_column type=\u00a0\u00bb4_4&Prime;][et_pb_post_title _builder_version=\u00a0\u00bb3.0.75&Prime; title=\u00a0\u00bbon\u00a0\u00bb meta=\u00a0\u00bbon\u00a0\u00bb author=\u00a0\u00bbon\u00a0\u00bb date=\u00a0\u00bbon\u00a0\u00bb categories=\u00a0\u00bbon\u00a0\u00bb comments=\u00a0\u00bbon\u00a0\u00bb featured_image=\u00a0\u00bboff\u00a0\u00bb featured_placement=\u00a0\u00bbbelow\u00a0\u00bb text_color=\u00a0\u00bbdark\u00a0\u00bb text_background=\u00a0\u00bboff\u00a0\u00bb border_style=\u00a0\u00bbsolid\u00a0\u00bb text_orientation=\u00a0\u00bbcenter\u00a0\u00bb title_font=\u00a0\u00bb||||\u00a0\u00bb title_text_color=\u00a0\u00bbrgba(0,0,0,0.91)\u00a0\u00bb \/][\/et_pb_column][\/et_pb_row][et_pb_row][et_pb_column type=\u00a0\u00bb4_4&Prime;][et_pb_text _builder_version=\u00a0\u00bb3.0.75&Prime; background_layout=\u00a0\u00bblight\u00a0\u00bb border_style=\u00a0\u00bbsolid\u00a0\u00bb text_font_size=\u00a0\u00bb16&Prime;] Depuis le 18 octobre 2018, France T\u00e9l\u00e9visions propose une mini-s\u00e9rie de quinze vid\u00e9os sur sa plateforme \u00e9ducative Francetv \u00c9ducation. Mais ce projet d&rsquo;\u00e9ducation aux m\u00e9dias est particulier: il est le fruit [&hellip;]<\/p>\n","protected":false},"author":80,"featured_media":2682,"comment_status":"open","ping_status":"open","sticky":false,"template":"","format":"standard","meta":[],"categories":[2],"tags":[31,29,193,27,37],"_links":{"self":[{"href":"http:\/\/journalismes-info.ejdg.fr\/index.php\/wp-json\/wp\/v2\/posts\/2379"}],"collection":[{"href":"http:\/\/journalismes-info.ejdg.fr\/index.php\/wp-json\/wp\/v2\/posts"}],"about":[{"href":"http:\/\/journalismes-info.ejdg.fr\/index.php\/wp-json\/wp\/v2\/types\/post"}],"author":[{"embeddable":true,"href":"http:\/\/journalismes-info.ejdg.fr\/index.php\/wp-json\/wp\/v2\/users\/80"}],"replies":[{"embeddable":true,"href":"http:\/\/journalismes-info.ejdg.fr\/index.php\/wp-json\/wp\/v2\/comments?post=2379"}],"version-history":[{"count":10,"href":"http:\/\/journalismes-info.ejdg.fr\/index.php\/wp-json\/wp\/v2\/posts\/2379\/revisions"}],"predecessor-version":[{"id":2929,"href":"http:\/\/journalismes-info.ejdg.fr\/index.php\/wp-json\/wp\/v2\/posts\/2379\/revisions\/2929"}],"wp:featuredmedia":[{"embeddable":true,"href":"http:\/\/journalismes-info.ejdg.fr\/index.php\/wp-json\/wp\/v2\/media\/2682"}],"wp:attachment":[{"href":"http:\/\/journalismes-info.ejdg.fr\/index.php\/wp-json\/wp\/v2\/media?parent=2379"}],"wp:term":[{"taxonomy":"category","embeddable":true,"href":"http:\/\/journalismes-info.ejdg.fr\/index.php\/wp-json\/wp\/v2\/categories?post=2379"},{"taxonomy":"post_tag","embeddable":true,"href":"http:\/\/journalismes-info.ejdg.fr\/index.php\/wp-json\/wp\/v2\/tags?post=2379"}],"curies":[{"name":"wp","href":"https:\/\/api.w.org\/{rel}","templated":true}]}}