{"id":2259,"date":"2018-04-18T16:05:10","date_gmt":"2018-04-18T14:05:10","guid":{"rendered":"http:\/\/journalismes-info.ejdg.fr\/?p=2259"},"modified":"2018-04-18T16:05:10","modified_gmt":"2018-04-18T14:05:10","slug":"facts-and-affects-omar-mohammed-sur-la-frustration","status":"publish","type":"post","link":"http:\/\/journalismes-info.ejdg.fr\/index.php\/2018\/04\/18\/facts-and-affects-omar-mohammed-sur-la-frustration\/","title":{"rendered":"Facts and Affects &#8211; Omar Mohammed sur la frustration"},"content":{"rendered":"<p>[et_pb_section bb_built=\u00a0\u00bb1&Prime;][et_pb_row][et_pb_column type=\u00a0\u00bb4_4&Prime;][et_pb_text _builder_version=\u00a0\u00bb3.0.75&Prime; background_layout=\u00a0\u00bblight\u00a0\u00bb border_style=\u00a0\u00bbsolid\u00a0\u00bb text_font_size=\u00a0\u00bb16&Prime;]<\/p>\n<p>Suite \u00e0 la parution du livre de Florence Le Cam et Denis Ruellan \u00ab \u00c9motions de journalistes \u00bb, la r\u00e9daction de Journalismes info lance une s\u00e9rie de vid\u00e9os \u00ab Facts and Affects \u00bb dans le cadre du Festival international du journalisme de P\u00e9rouse. Journaliste web, photojournaliste, reporter\u2026 des journalistes du monde entier partagent avec vous les \u00e9motions qu\u2019ils ont ressenties au cours de leur carri\u00e8re.<\/p>\n<p>&nbsp;<\/p>\n<p>Cr\u00e9ateur du blog Mosul Eye, le journaliste irakien Omar Mohammed a anonymement couvert l&rsquo;occupation de Mossoul par l&rsquo;Etat islamique. Il a notamment utilis\u00e9 Twitter pour raconter ce qu&rsquo;il observait.<\/p>\n<p>[\/et_pb_text][et_pb_video _builder_version=\u00a0\u00bb3.0.75&Prime; src=\u00a0\u00bbhttps:\/\/www.youtube.com\/watch?v=qewJ_zSuTDA&amp;index=5&amp;list=PLbjIAiOyfMax1t98Ft1pWA24rCa1Issm_\u00a0\u00bb \/][\/et_pb_column][\/et_pb_row][\/et_pb_section]<\/p>\n","protected":false},"excerpt":{"rendered":"<p>[et_pb_section bb_built=\u00a0\u00bb1&Prime;][et_pb_row][et_pb_column type=\u00a0\u00bb4_4&Prime;][et_pb_text _builder_version=\u00a0\u00bb3.0.75&Prime; background_layout=\u00a0\u00bblight\u00a0\u00bb border_style=\u00a0\u00bbsolid\u00a0\u00bb text_font_size=\u00a0\u00bb16&Prime;] Suite \u00e0 la parution du livre de Florence Le Cam et Denis Ruellan \u00ab \u00c9motions de journalistes \u00bb, la r\u00e9daction de Journalismes info lance une s\u00e9rie de vid\u00e9os \u00ab Facts and Affects \u00bb dans le cadre du Festival international du journalisme de P\u00e9rouse. Journaliste web, photojournaliste, reporter\u2026 des [&hellip;]<\/p>\n","protected":false},"author":17,"featured_media":2260,"comment_status":"open","ping_status":"open","sticky":false,"template":"","format":"standard","meta":[],"categories":[329,11],"tags":[279,350,321,27,359],"_links":{"self":[{"href":"http:\/\/journalismes-info.ejdg.fr\/index.php\/wp-json\/wp\/v2\/posts\/2259"}],"collection":[{"href":"http:\/\/journalismes-info.ejdg.fr\/index.php\/wp-json\/wp\/v2\/posts"}],"about":[{"href":"http:\/\/journalismes-info.ejdg.fr\/index.php\/wp-json\/wp\/v2\/types\/post"}],"author":[{"embeddable":true,"href":"http:\/\/journalismes-info.ejdg.fr\/index.php\/wp-json\/wp\/v2\/users\/17"}],"replies":[{"embeddable":true,"href":"http:\/\/journalismes-info.ejdg.fr\/index.php\/wp-json\/wp\/v2\/comments?post=2259"}],"version-history":[{"count":1,"href":"http:\/\/journalismes-info.ejdg.fr\/index.php\/wp-json\/wp\/v2\/posts\/2259\/revisions"}],"predecessor-version":[{"id":2261,"href":"http:\/\/journalismes-info.ejdg.fr\/index.php\/wp-json\/wp\/v2\/posts\/2259\/revisions\/2261"}],"wp:featuredmedia":[{"embeddable":true,"href":"http:\/\/journalismes-info.ejdg.fr\/index.php\/wp-json\/wp\/v2\/media\/2260"}],"wp:attachment":[{"href":"http:\/\/journalismes-info.ejdg.fr\/index.php\/wp-json\/wp\/v2\/media?parent=2259"}],"wp:term":[{"taxonomy":"category","embeddable":true,"href":"http:\/\/journalismes-info.ejdg.fr\/index.php\/wp-json\/wp\/v2\/categories?post=2259"},{"taxonomy":"post_tag","embeddable":true,"href":"http:\/\/journalismes-info.ejdg.fr\/index.php\/wp-json\/wp\/v2\/tags?post=2259"}],"curies":[{"name":"wp","href":"https:\/\/api.w.org\/{rel}","templated":true}]}}