{"id":2126,"date":"2018-04-14T12:06:04","date_gmt":"2018-04-14T10:06:04","guid":{"rendered":"http:\/\/journalismes-info.ejdg.fr\/?p=2126"},"modified":"2018-04-14T19:27:07","modified_gmt":"2018-04-14T17:27:07","slug":"le-smartphone-une-redaction-dans-la-poche","status":"publish","type":"post","link":"http:\/\/journalismes-info.ejdg.fr\/index.php\/2018\/04\/14\/le-smartphone-une-redaction-dans-la-poche\/","title":{"rendered":"Le smartphone : une r\u00e9daction dans la poche"},"content":{"rendered":"<p>[et_pb_section bb_built=\u00a0\u00bb1&Prime;][et_pb_row][et_pb_column type=\u00a0\u00bb4_4&Prime;][et_pb_post_title _builder_version=\u00a0\u00bb3.0.75&Prime; title=\u00a0\u00bbon\u00a0\u00bb meta=\u00a0\u00bbon\u00a0\u00bb author=\u00a0\u00bboff\u00a0\u00bb date=\u00a0\u00bbon\u00a0\u00bb categories=\u00a0\u00bbon\u00a0\u00bb comments=\u00a0\u00bbon\u00a0\u00bb featured_image=\u00a0\u00bboff\u00a0\u00bb featured_placement=\u00a0\u00bbbelow\u00a0\u00bb text_color=\u00a0\u00bbdark\u00a0\u00bb text_background=\u00a0\u00bboff\u00a0\u00bb border_style=\u00a0\u00bbsolid\u00a0\u00bb text_orientation=\u00a0\u00bbcenter\u00a0\u00bb title_font=\u00a0\u00bb||||\u00a0\u00bb title_text_color=\u00a0\u00bbrgba(0,0,0,0.91)\u00a0\u00bb \/][et_pb_team_member _builder_version=\u00a0\u00bb3.0.75&Prime; background_layout=\u00a0\u00bblight\u00a0\u00bb text_orientation=\u00a0\u00bbcenter\u00a0\u00bb border_style=\u00a0\u00bbsolid\u00a0\u00bb name=\u00a0\u00bbMartin Cauwel\u00a0\u00bb twitter_url=\u00a0\u00bb@MartinCauwel\u00a0\u00bb \/][et_pb_text _builder_version=\u00a0\u00bb3.0.75&Prime; background_layout=\u00a0\u00bblight\u00a0\u00bb border_style=\u00a0\u00bbsolid\u00a0\u00bb text_font_size=\u00a0\u00bb18&Prime; custom_margin=\u00a0\u00bb|10px||50px\u00a0\u00bb custom_padding=\u00a0\u00bb|10px||50px\u00a0\u00bb]<\/p>\n<p>Il tient dans la poche et s\u00e9duit les r\u00e9dactions du monde entier. La rapidit\u00e9 et la polyvalence du smartphone en font un outil tr\u00e8s efficace pour couvrir, entre autres, l\u2019actualit\u00e9 chaude dans de tr\u00e8s courts d\u00e9lais, voire en direct. Avec efficacit\u00e9, mais sans filtre et sans filet.<\/p>\n<p>[\/et_pb_text][\/et_pb_column][\/et_pb_row][et_pb_row][et_pb_column type=\u00a0\u00bb4_4&Prime;][et_pb_image _builder_version=\u00a0\u00bb3.0.75&Prime; show_in_lightbox=\u00a0\u00bboff\u00a0\u00bb url_new_window=\u00a0\u00bboff\u00a0\u00bb use_overlay=\u00a0\u00bboff\u00a0\u00bb always_center_on_mobile=\u00a0\u00bbon\u00a0\u00bb border_style=\u00a0\u00bbsolid\u00a0\u00bb force_fullwidth=\u00a0\u00bboff\u00a0\u00bb show_bottom_space=\u00a0\u00bbon\u00a0\u00bb align=\u00a0\u00bbcenter\u00a0\u00bb max_width=\u00a0\u00bb70%\u00a0\u00bb src=\u00a0\u00bbhttp:\/\/journalismes-info.ejdg.fr\/wp-content\/uploads\/2018\/04\/mojo-image.jpg\u00a0\u00bb \/][et_pb_text _builder_version=\u00a0\u00bb3.0.75&Prime; background_layout=\u00a0\u00bblight\u00a0\u00bb border_style=\u00a0\u00bbsolid\u00a0\u00bb text_font_size=\u00a0\u00bb16&Prime; custom_margin=\u00a0\u00bb|10px||50px\u00a0\u00bb custom_padding=\u00a0\u00bb|10px||50px\u00a0\u00bb]<\/p>\n<p><em>Breaking news<\/em> ! Nous sommes le 17 f\u00e9vrier 2014, une prise d\u2019otage se produit dans un avion s\u2019appr\u00eatant \u00e0 d\u00e9coller du tarmac de Gen\u00e8ve, en Suisse. Les premi\u00e8res images en direct, diffus\u00e9es par <em>Sky News<\/em>, sont tourn\u00e9es avec un t\u00e9l\u00e9phone portable.<\/p>\n<p>Le \u00ab\u00a0<em>mobile journalism\u00a0\u00bb<\/em>, ou \u00ab\u00a0Mojo\u00a0\u00bb, doit en partie son essor \u00e0 la rapidit\u00e9 d\u2019ex\u00e9cution et \u00e0 la polyvalence qu\u2019il permet. Presse \u00e9crite, radio et t\u00e9l\u00e9vision, tout le monde s\u2019y met. Une convergence des formats \u00ab historique pour le journalisme. Les m\u00e9dias deviennent multim\u00e9dia et num\u00e9riques \u00bb, insiste Rosa Maria Di Natale. Journaliste pour <em>La Republicca <\/em>et adepte de cette pratique depuis plusieurs ann\u00e9es, elle affirme qu\u2019un smartphone contient toute une \u2018\u2019newsroom\u2019\u2019, connect\u00e9e mais surtout autosuffisante : \u00ab Un panel d\u2019applications gratuites permet de traiter des photos, d\u2019\u00e9diter un son, de monter des vid\u00e9os, directement sur le t\u00e9l\u00e9phone \u00bb. T\u00e9l\u00e9phone qui aura aussi permis au journaliste de capturer ces images et sons de qualit\u00e9 professionnelle, et ce avec un minimum d\u2019\u00e9quipement pour rester l\u00e9ger et mobile : un micro externe, un petit tr\u00e9pied, parfois un stabilisateur. Le journaliste pourra ensuite envoyer ces productions \u00e0 la r\u00e9daction en moins de temps qu\u2019il ne faut pour l\u2019\u00e9crire.<\/p>\n<p><strong>Du tout-en-un, mais pas du bricolage\u00a0<\/strong><\/p>\n<p>Ce dispositif est d\u00e9sormais utilis\u00e9 par un grand nombre de r\u00e9dactions. Parfois, des formateurs et consultants sp\u00e9cialis\u00e9s pilotent son installation, comme Corinne Podger : \u00ab <em>Produire du contenu journalistique avec un smartphone ne concerne pas que les m\u00e9dias \u00e9mergents aux budgets serr\u00e9s, incapables d\u2019investir dans du mat\u00e9riel sp\u00e9cifique \u00e0 la t\u00e9l\u00e9vision ou \u00e0 la radio. J\u2019ai aussi travaill\u00e9 avec des r\u00e9dactions qui ont beaucoup d\u2019argent.<\/em> \u00bb Ces derni\u00e8res justifient leur choix en termes d\u2019investissement en temps et en moyens humains plut\u00f4t que financiers, pour profiter \u00ab des avantages \u00e9ditoriaux du mobile journalism \u00bb. Parmi eux, la facilit\u00e9 des gens \u00e0 parler \u00e0 un t\u00e9l\u00e9phone plut\u00f4t qu\u2019\u00e0 une cam\u00e9ra, la maniabilit\u00e9 et la discr\u00e9tion du smartphone sur des terrains difficiles, et la diffusion d\u2019images en direct sur les r\u00e9seaux sociaux.<\/p>\n<p>Ellen Schuster, en charge du num\u00e9rique pour <em>Deutsche Welle<\/em>, a form\u00e9 sa r\u00e9daction \u00e0 l\u2019exploration de ces techniques\u00a0: des formats sp\u00e9cifiques \u00e0 la couverture d\u2019\u00e9v\u00e9nements comme des manifestations ou des accidents. \u00ab Vous appuyez sur le bouton Live et tous vos abonn\u00e9s re\u00e7oivent une notification \u00bb s\u2019enthousiasme la journaliste allemande. Pour elle, c\u2019est une fa\u00e7on d\u2019aller chercher une nouvelle audience, de ne pas diffuser sur un \u00ab support passif \u00bb comme la t\u00e9l\u00e9vision et au contraire d\u2019inclure ces images dans le fil d\u2019actualit\u00e9 des gens. Ce format \u00e9tablit une interactivit\u00e9 entre les spectateurs et le journaliste, qui peut r\u00e9pondre \u00e0 leurs questions. Sa posture change : il n\u2019est plus un simple reporter-TV mais incarne le reportage et remplace \u00ab\u00a0les yeux et les oreilles du spectateur \u00bb.<\/p>\n<p>Mais sans mat\u00e9riel sp\u00e9cifique, comment diff\u00e9rencier visuellement le journaliste professionnel du citoyen d\u00e9sireux de diffuser ses propres images en direct ? Et comment garder la t\u00eate froide quand le <em>buzz<\/em> est \u00e0 port\u00e9e de clic ? Le manque de recul et l\u2019enthousiasme presque euphorique autour du d\u00e9veloppement du <em>mobile journalism <\/em>ne permet pas encore d\u2019en voir pr\u00e9cis\u00e9ment les limites et les failles.<\/p>\n<p>[\/et_pb_text][\/et_pb_column][\/et_pb_row][\/et_pb_section]<\/p>\n","protected":false},"excerpt":{"rendered":"<p>[et_pb_section bb_built=\u00a0\u00bb1&Prime;][et_pb_row][et_pb_column type=\u00a0\u00bb4_4&Prime;][et_pb_post_title _builder_version=\u00a0\u00bb3.0.75&Prime; title=\u00a0\u00bbon\u00a0\u00bb meta=\u00a0\u00bbon\u00a0\u00bb author=\u00a0\u00bboff\u00a0\u00bb date=\u00a0\u00bbon\u00a0\u00bb categories=\u00a0\u00bbon\u00a0\u00bb comments=\u00a0\u00bbon\u00a0\u00bb featured_image=\u00a0\u00bboff\u00a0\u00bb featured_placement=\u00a0\u00bbbelow\u00a0\u00bb text_color=\u00a0\u00bbdark\u00a0\u00bb text_background=\u00a0\u00bboff\u00a0\u00bb border_style=\u00a0\u00bbsolid\u00a0\u00bb text_orientation=\u00a0\u00bbcenter\u00a0\u00bb title_font=\u00a0\u00bb||||\u00a0\u00bb title_text_color=\u00a0\u00bbrgba(0,0,0,0.91)\u00a0\u00bb \/][et_pb_team_member _builder_version=\u00a0\u00bb3.0.75&Prime; background_layout=\u00a0\u00bblight\u00a0\u00bb text_orientation=\u00a0\u00bbcenter\u00a0\u00bb border_style=\u00a0\u00bbsolid\u00a0\u00bb name=\u00a0\u00bbMartin Cauwel\u00a0\u00bb twitter_url=\u00a0\u00bb@MartinCauwel\u00a0\u00bb \/][et_pb_text _builder_version=\u00a0\u00bb3.0.75&Prime; background_layout=\u00a0\u00bblight\u00a0\u00bb border_style=\u00a0\u00bbsolid\u00a0\u00bb text_font_size=\u00a0\u00bb18&Prime; custom_margin=\u00a0\u00bb|10px||50px\u00a0\u00bb custom_padding=\u00a0\u00bb|10px||50px\u00a0\u00bb] Il tient dans la poche et s\u00e9duit les r\u00e9dactions du monde entier. La rapidit\u00e9 et la polyvalence du smartphone en font un [&hellip;]<\/p>\n","protected":false},"author":6,"featured_media":2163,"comment_status":"open","ping_status":"open","sticky":false,"template":"","format":"standard","meta":[],"categories":[3,329],"tags":[367,368,216,328,322,219,366,40],"_links":{"self":[{"href":"http:\/\/journalismes-info.ejdg.fr\/index.php\/wp-json\/wp\/v2\/posts\/2126"}],"collection":[{"href":"http:\/\/journalismes-info.ejdg.fr\/index.php\/wp-json\/wp\/v2\/posts"}],"about":[{"href":"http:\/\/journalismes-info.ejdg.fr\/index.php\/wp-json\/wp\/v2\/types\/post"}],"author":[{"embeddable":true,"href":"http:\/\/journalismes-info.ejdg.fr\/index.php\/wp-json\/wp\/v2\/users\/6"}],"replies":[{"embeddable":true,"href":"http:\/\/journalismes-info.ejdg.fr\/index.php\/wp-json\/wp\/v2\/comments?post=2126"}],"version-history":[{"count":9,"href":"http:\/\/journalismes-info.ejdg.fr\/index.php\/wp-json\/wp\/v2\/posts\/2126\/revisions"}],"predecessor-version":[{"id":2175,"href":"http:\/\/journalismes-info.ejdg.fr\/index.php\/wp-json\/wp\/v2\/posts\/2126\/revisions\/2175"}],"wp:featuredmedia":[{"embeddable":true,"href":"http:\/\/journalismes-info.ejdg.fr\/index.php\/wp-json\/wp\/v2\/media\/2163"}],"wp:attachment":[{"href":"http:\/\/journalismes-info.ejdg.fr\/index.php\/wp-json\/wp\/v2\/media?parent=2126"}],"wp:term":[{"taxonomy":"category","embeddable":true,"href":"http:\/\/journalismes-info.ejdg.fr\/index.php\/wp-json\/wp\/v2\/categories?post=2126"},{"taxonomy":"post_tag","embeddable":true,"href":"http:\/\/journalismes-info.ejdg.fr\/index.php\/wp-json\/wp\/v2\/tags?post=2126"}],"curies":[{"name":"wp","href":"https:\/\/api.w.org\/{rel}","templated":true}]}}