{"id":1991,"date":"2018-04-13T10:45:13","date_gmt":"2018-04-13T08:45:13","guid":{"rendered":"http:\/\/journalismes-info.ejdg.fr\/?p=1991"},"modified":"2018-04-14T10:58:40","modified_gmt":"2018-04-14T08:58:40","slug":"festival-international-du-journalisme-jour-2","status":"publish","type":"post","link":"http:\/\/journalismes-info.ejdg.fr\/index.php\/2018\/04\/13\/festival-international-du-journalisme-jour-2\/","title":{"rendered":"Festival international du journalisme : Jour 2"},"content":{"rendered":"<p>[et_pb_section bb_built=\u00a0\u00bb1&Prime;][et_pb_row][et_pb_column type=\u00a0\u00bb4_4&Prime;][et_pb_post_title _builder_version=\u00a0\u00bb3.0.75&Prime; title=\u00a0\u00bbon\u00a0\u00bb meta=\u00a0\u00bbon\u00a0\u00bb author=\u00a0\u00bboff\u00a0\u00bb date=\u00a0\u00bbon\u00a0\u00bb categories=\u00a0\u00bbon\u00a0\u00bb comments=\u00a0\u00bbon\u00a0\u00bb featured_image=\u00a0\u00bboff\u00a0\u00bb featured_placement=\u00a0\u00bbbelow\u00a0\u00bb text_color=\u00a0\u00bbdark\u00a0\u00bb text_background=\u00a0\u00bboff\u00a0\u00bb border_style=\u00a0\u00bbsolid\u00a0\u00bb text_orientation=\u00a0\u00bbcenter\u00a0\u00bb title_font=\u00a0\u00bb||||\u00a0\u00bb title_text_color=\u00a0\u00bbrgba(0,0,0,0.91)\u00a0\u00bb \/][et_pb_text _builder_version=\u00a0\u00bb3.0.75&Prime; background_layout=\u00a0\u00bblight\u00a0\u00bb border_style=\u00a0\u00bbsolid\u00a0\u00bb text_font_size=\u00a0\u00bb18&Prime; custom_margin=\u00a0\u00bb|10px||50px\u00a0\u00bb custom_padding=\u00a0\u00bb|10px||50px\u00a0\u00bb]<\/p>\n<p><strong>Le festival International de Journalisme bat son plein. Contrairement \u00e0 la majorit\u00e9 des conf\u00e9rences assur\u00e9es en italien la veille, ce jeudi 12 avril est marqu\u00e9 par une majorit\u00e9 d\u2019intervenants internationaux. En voici les moments forts.<\/strong><\/p>\n<p>[\/et_pb_text][et_pb_team_member _builder_version=\u00a0\u00bb3.0.75&Prime; background_layout=\u00a0\u00bblight\u00a0\u00bb text_orientation=\u00a0\u00bbcenter\u00a0\u00bb border_style=\u00a0\u00bbsolid\u00a0\u00bb name=\u00a0\u00bbLuc Chemla\u00a0\u00bb twitter_url=\u00a0\u00bb@LucChemla\u00a0\u00bb \/][\/et_pb_column][\/et_pb_row][et_pb_row][et_pb_column type=\u00a0\u00bb4_4&Prime;][et_pb_image _builder_version=\u00a0\u00bb3.0.75&Prime; show_in_lightbox=\u00a0\u00bboff\u00a0\u00bb url_new_window=\u00a0\u00bboff\u00a0\u00bb use_overlay=\u00a0\u00bboff\u00a0\u00bb always_center_on_mobile=\u00a0\u00bbon\u00a0\u00bb border_style=\u00a0\u00bbsolid\u00a0\u00bb force_fullwidth=\u00a0\u00bboff\u00a0\u00bb show_bottom_space=\u00a0\u00bbon\u00a0\u00bb align=\u00a0\u00bbcenter\u00a0\u00bb max_width=\u00a0\u00bb70%\u00a0\u00bb \/][et_pb_text _builder_version=\u00a0\u00bb3.0.75&Prime; background_layout=\u00a0\u00bblight\u00a0\u00bb border_style=\u00a0\u00bbsolid\u00a0\u00bb text_font_size=\u00a0\u00bb16&Prime; custom_margin=\u00a0\u00bb|10px||50px\u00a0\u00bb custom_padding=\u00a0\u00bb|10px||50px\u00a0\u00bb]<\/p>\n<p><strong>9h30. <\/strong>La premi\u00e8re conf\u00e9rence du jour d\u00e9bute dans la salle Raffaello de l\u2019h\u00f4tel Brufani, principal lieu du festival. Janine Gibson, r\u00e9dactrice en chef de <em>Buzfeed UK,\u00a0<\/em>Indira Lakshmanan du Poynter Institute, Raju Narisetti, patron de Gizmodo Media Group, Maria Ressa, directrice de publication de Rappler\u00a0et Jeff Jarvis, de l\u2019\u00e9cole de journalisme de New York \u00e9voquent les imp\u00e9ratifs moraux de pratiques journalistiques sur les r\u00e9seaux sociaux. Une conf\u00e9rence tr\u00e8s suivie.<\/p>\n<blockquote class=\"twitter-tweet\" data-width=\"550\">\n<p lang=\"en\" dir=\"ltr\">&quot;In the early days of blogging, what is now portrayed as giving up data, was then portrayed as sharing and speaking with the world. The ability to create a platform to enable everyone to speak to the world was good. Is it still?&quot; <a href=\"https:\/\/twitter.com\/jeffjarvis?ref_src=twsrc%5Etfw\">@jeffjarvis<\/a> <a href=\"https:\/\/twitter.com\/hashtag\/ijf18?src=hash&amp;ref_src=twsrc%5Etfw\">#ijf18<\/a> <a href=\"https:\/\/t.co\/WQ9FFisLcB\">pic.twitter.com\/WQ9FFisLcB<\/a><\/p>\n<p>&mdash; journalism festival (@journalismfest) <a href=\"https:\/\/twitter.com\/journalismfest\/status\/984347946526355457?ref_src=twsrc%5Etfw\">April 12, 2018<\/a><\/p><\/blockquote>\n<p><script async src=\"https:\/\/platform.twitter.com\/widgets.js\" charset=\"utf-8\"><\/script><\/p>\n<p><strong>12h. <\/strong>Le festival fait la part belle \u00e0 la place des femmes dans le journalisme.<\/p>\n<blockquote class=\"twitter-tweet\" data-width=\"550\">\n<p lang=\"en\" dir=\"ltr\">Anna Holligan, BBC correspondent, talks about her doubts being a foreign correspondent and a mom, taking her baby to work, and how can young ambitious women juggle the motherhood and career challenges <a href=\"https:\/\/twitter.com\/annaholligan?ref_src=twsrc%5Etfw\">@annaholligan<\/a> <a href=\"https:\/\/twitter.com\/hashtag\/IJF2018?src=hash&amp;ref_src=twsrc%5Etfw\">#IJF2018<\/a> <a href=\"https:\/\/t.co\/znR5U5bEcs\">pic.twitter.com\/znR5U5bEcs<\/a><\/p>\n<p>&mdash; Catarina F. Martins (@catarinarfgm) <a href=\"https:\/\/twitter.com\/catarinarfgm\/status\/984378979380547584?ref_src=twsrc%5Etfw\">April 12, 2018<\/a><\/p><\/blockquote>\n<p><script async src=\"https:\/\/platform.twitter.com\/widgets.js\" charset=\"utf-8\"><\/script><\/p>\n<p><strong>\u00a0<\/strong><strong>15h15. <\/strong>Assur\u00e9ment un des moments forts de la journ\u00e9e: Zeynep Sentek, journaliste turque du m\u00e9dia <em>The Black Sea<\/em>, raconte son exp\u00e9rience et \u00e9voque la situation du journalisme en Turquie. La conf\u00e9rence est marqu\u00e9e par l\u2019intervention de Stefan Simanowitz, manager media d\u2019Amnesty International pour l\u2019Europe est la Turquie, sur le sort r\u00e9serv\u00e9 aux journalistes en Turquie.<\/p>\n<blockquote class=\"twitter-tweet\" data-width=\"550\">\n<p lang=\"en\" dir=\"ltr\">Journalists at <a href=\"https:\/\/twitter.com\/hashtag\/ijf18?src=hash&amp;ref_src=twsrc%5Etfw\">#ijf18<\/a> are showing support for imprisoned colleagues in Turkey <a href=\"https:\/\/twitter.com\/hashtag\/freeturkeymedia?src=hash&amp;ref_src=twsrc%5Etfw\">#freeturkeymedia<\/a> <a href=\"https:\/\/t.co\/tcD7HcYdFm\">pic.twitter.com\/tcD7HcYdFm<\/a><\/p>\n<p>&mdash; Milena (@milena_iul) <a href=\"https:\/\/twitter.com\/milena_iul\/status\/984437637963542529?ref_src=twsrc%5Etfw\">April 12, 2018<\/a><\/p><\/blockquote>\n<p><script async src=\"https:\/\/platform.twitter.com\/widgets.js\" charset=\"utf-8\"><\/script><\/p>\n<blockquote class=\"twitter-tweet\" data-width=\"550\">\n<p lang=\"en\" dir=\"ltr\">We asked people to draw &amp; tweet cartoons calling on <a href=\"https:\/\/twitter.com\/hashtag\/Turkey?src=hash&amp;ref_src=twsrc%5Etfw\">#Turkey<\/a> to release 120+ journalists jailed since July 2016.<\/p>\n<p>So far we&#39;ve received almost 100 artworks &amp; we&#39;ll be bringing a few of our favourites to the <a href=\"https:\/\/twitter.com\/hashtag\/ijf18?src=hash&amp;ref_src=twsrc%5Etfw\">#ijf18<\/a> in Perugia <a href=\"https:\/\/twitter.com\/hashtag\/Ijf2018?src=hash&amp;ref_src=twsrc%5Etfw\">#Ijf2018<\/a> <br \/> <a href=\"https:\/\/twitter.com\/hashtag\/FreeTurkeyMedia?src=hash&amp;ref_src=twsrc%5Etfw\">#FreeTurkeyMedia<\/a> <a href=\"https:\/\/t.co\/6EoPJ6Imv0\">pic.twitter.com\/6EoPJ6Imv0<\/a><\/p>\n<p>&mdash; FreeTurkeyMedia (@FreeTurkeyMedia) <a href=\"https:\/\/twitter.com\/FreeTurkeyMedia\/status\/984136017098797063?ref_src=twsrc%5Etfw\">April 11, 2018<\/a><\/p><\/blockquote>\n<p><script async src=\"https:\/\/platform.twitter.com\/widgets.js\" charset=\"utf-8\"><\/script><\/p>\n<p><strong>\u00a0<\/strong>Et cette pancarte est venue marquer la journ\u00e9e:<\/p>\n<blockquote class=\"twitter-tweet\" data-width=\"550\">\n<p lang=\"und\" dir=\"ltr\"><a href=\"https:\/\/twitter.com\/hashtag\/IJF18?src=hash&amp;ref_src=twsrc%5Etfw\">#IJF18<\/a> <a href=\"https:\/\/t.co\/jjdGsHzyvF\">pic.twitter.com\/jjdGsHzyvF<\/a><\/p>\n<p>&mdash; Aela Callan (@aelacallan) <a href=\"https:\/\/twitter.com\/aelacallan\/status\/984406768292974594?ref_src=twsrc%5Etfw\">April 12, 2018<\/a><\/p><\/blockquote>\n<p><script async src=\"https:\/\/platform.twitter.com\/widgets.js\" charset=\"utf-8\"><\/script><\/p>\n<p><strong>\u00a0<\/strong><strong>16h.<\/strong> Conf\u00e9rence sur la mani\u00e8re dont Facebook et les m\u00e9dias doivent travailler ensemble au service de l\u2019information. L\u2019\u00e9change, a \u00e9t\u00e9 marqu\u00e9 par l\u2019absence des repr\u00e9sentants du r\u00e9seau social, pourtant attendus.<\/p>\n<blockquote class=\"twitter-tweet\" data-width=\"550\">\n<p lang=\"fr\" dir=\"ltr\">Une conf\u00e9rence sur quel est le devoir de Facebook vis \u00e0 vis de l\u2019information ? Mais visiblement les repr\u00e9sentants de <a href=\"https:\/\/twitter.com\/facebook?ref_src=twsrc%5Etfw\">@facebook<\/a> ont pr\u00e9f\u00e9r\u00e9 rester \u00e0 l\u2019h\u00f4tel ???? Certes il pleuvait juste avant l\u2019\u00e9v\u00e9nement mais c\u2019est \u00e0 400m du Facebook lounge ! <a href=\"https:\/\/twitter.com\/journalismes?ref_src=twsrc%5Etfw\">@journalismes<\/a> <a href=\"https:\/\/twitter.com\/journalismfest?ref_src=twsrc%5Etfw\">@journalismfest<\/a> <a href=\"https:\/\/twitter.com\/hashtag\/ijf18?src=hash&amp;ref_src=twsrc%5Etfw\">#ijf18<\/a><\/p>\n<p>&mdash; Louise Klethi (@KlethiLouise) <a href=\"https:\/\/twitter.com\/KlethiLouise\/status\/984430891433975808?ref_src=twsrc%5Etfw\">April 12, 2018<\/a><\/p><\/blockquote>\n<p><script async src=\"https:\/\/platform.twitter.com\/widgets.js\" charset=\"utf-8\"><\/script><\/p>\n<blockquote class=\"twitter-tweet\" data-width=\"550\">\n<p lang=\"en\" dir=\"ltr\">\u201c95% of Facebook content is not news, we can\u2019t really expect them to just roll out a red carpet for us. We need to be, as news organisations, as independent from Facebook as we can possibly be\u201d <a href=\"https:\/\/twitter.com\/tanit?ref_src=twsrc%5Etfw\">@tanit<\/a> <a href=\"https:\/\/twitter.com\/hashtag\/ijf18?src=hash&amp;ref_src=twsrc%5Etfw\">#ijf18<\/a> <a href=\"https:\/\/t.co\/NVgxdzx7lk\">pic.twitter.com\/NVgxdzx7lk<\/a><\/p>\n<p>&mdash; journalism festival (@journalismfest) <a href=\"https:\/\/twitter.com\/journalismfest\/status\/984437111414841345?ref_src=twsrc%5Etfw\">April 12, 2018<\/a><\/p><\/blockquote>\n<p><script async src=\"https:\/\/platform.twitter.com\/widgets.js\" charset=\"utf-8\"><\/script><\/p>\n<p>Au m\u00eame moment, dans une autre salle, Facebook est toujours au coeur des d\u00e9bats.<\/p>\n<blockquote class=\"twitter-tweet\" data-width=\"550\">\n<p lang=\"en\" dir=\"ltr\">&quot;I don\u2019t think Facebook should hire journalists, I think that what they should be doing is funding events like this, funding trainings and workshops for journalists, putting money into getting a new generation of journalists to come out\u201d <a href=\"https:\/\/twitter.com\/CraigSilverman?ref_src=twsrc%5Etfw\">@CraigSilverman<\/a> <a href=\"https:\/\/twitter.com\/hashtag\/ijf18?src=hash&amp;ref_src=twsrc%5Etfw\">#ijf18<\/a> <a href=\"https:\/\/t.co\/QUgYyPAm5J\">pic.twitter.com\/QUgYyPAm5J<\/a><\/p>\n<p>&mdash; journalism festival (@journalismfest) <a href=\"https:\/\/twitter.com\/journalismfest\/status\/984434858591219712?ref_src=twsrc%5Etfw\">April 12, 2018<\/a><\/p><\/blockquote>\n<p><script async src=\"https:\/\/platform.twitter.com\/widgets.js\" charset=\"utf-8\"><\/script><\/p>\n<p><strong>\u00a0<\/strong><strong>17h30.<\/strong>\u00a0Pr\u00e9sentation de <em>Wikitribune<\/em>, m\u00e9dia inspir\u00e9 du syst\u00e8me de fonctionnement de Wikip\u00e9dia.<\/p>\n<blockquote class=\"twitter-tweet\" data-width=\"550\">\n<p lang=\"en\" dir=\"ltr\">&quot;We encourage to create a community that is self-regulating, we want to have admins and editors that are growing up as trusted community members to regulate both the content and the members.&quot; <a href=\"https:\/\/twitter.com\/OritKopel?ref_src=twsrc%5Etfw\">@OritKopel<\/a> talking about <a href=\"https:\/\/twitter.com\/WikiTribune?ref_src=twsrc%5Etfw\">@WikiTribune<\/a> <a href=\"https:\/\/twitter.com\/hashtag\/ijf18?src=hash&amp;ref_src=twsrc%5Etfw\">#ijf18<\/a> <a href=\"https:\/\/t.co\/z4szrixBus\">pic.twitter.com\/z4szrixBus<\/a><\/p>\n<p>&mdash; journalism festival (@journalismfest) <a href=\"https:\/\/twitter.com\/journalismfest\/status\/984462887338106882?ref_src=twsrc%5Etfw\">April 12, 2018<\/a><\/p><\/blockquote>\n<p><script async src=\"https:\/\/platform.twitter.com\/widgets.js\" charset=\"utf-8\"><\/script><\/p>\n<p><strong>19h30.<\/strong>\u00a0Tous les intervenants du festival, journalistes, d\u00e9veloppeurs et autres acteurs des m\u00e9dias, sont invit\u00e9s \u00e0 un cocktail priv\u00e9 organis\u00e9 par Facebook.<\/p>\n<p>&nbsp;<\/p>\n<p><strong>\u00a0<\/strong><\/p>\n<p><strong>\u00a0<\/strong><\/p>\n<p>[\/et_pb_text][\/et_pb_column][\/et_pb_row][\/et_pb_section]<\/p>\n","protected":false},"excerpt":{"rendered":"<p>[et_pb_section bb_built=\u00a0\u00bb1&Prime;][et_pb_row][et_pb_column type=\u00a0\u00bb4_4&Prime;][et_pb_post_title _builder_version=\u00a0\u00bb3.0.75&Prime; title=\u00a0\u00bbon\u00a0\u00bb meta=\u00a0\u00bbon\u00a0\u00bb author=\u00a0\u00bboff\u00a0\u00bb date=\u00a0\u00bbon\u00a0\u00bb categories=\u00a0\u00bbon\u00a0\u00bb comments=\u00a0\u00bbon\u00a0\u00bb featured_image=\u00a0\u00bboff\u00a0\u00bb featured_placement=\u00a0\u00bbbelow\u00a0\u00bb text_color=\u00a0\u00bbdark\u00a0\u00bb text_background=\u00a0\u00bboff\u00a0\u00bb border_style=\u00a0\u00bbsolid\u00a0\u00bb text_orientation=\u00a0\u00bbcenter\u00a0\u00bb title_font=\u00a0\u00bb||||\u00a0\u00bb title_text_color=\u00a0\u00bbrgba(0,0,0,0.91)\u00a0\u00bb \/][et_pb_text _builder_version=\u00a0\u00bb3.0.75&Prime; background_layout=\u00a0\u00bblight\u00a0\u00bb border_style=\u00a0\u00bbsolid\u00a0\u00bb text_font_size=\u00a0\u00bb18&Prime; custom_margin=\u00a0\u00bb|10px||50px\u00a0\u00bb custom_padding=\u00a0\u00bb|10px||50px\u00a0\u00bb] Le festival International de Journalisme bat son plein. Contrairement \u00e0 la majorit\u00e9 des conf\u00e9rences assur\u00e9es en italien la veille, ce jeudi 12 avril est marqu\u00e9 par une majorit\u00e9 d\u2019intervenants internationaux. [&hellip;]<\/p>\n","protected":false},"author":8,"featured_media":1997,"comment_status":"open","ping_status":"open","sticky":false,"template":"","format":"standard","meta":[],"categories":[3,329],"tags":[334,333,332,322],"_links":{"self":[{"href":"http:\/\/journalismes-info.ejdg.fr\/index.php\/wp-json\/wp\/v2\/posts\/1991"}],"collection":[{"href":"http:\/\/journalismes-info.ejdg.fr\/index.php\/wp-json\/wp\/v2\/posts"}],"about":[{"href":"http:\/\/journalismes-info.ejdg.fr\/index.php\/wp-json\/wp\/v2\/types\/post"}],"author":[{"embeddable":true,"href":"http:\/\/journalismes-info.ejdg.fr\/index.php\/wp-json\/wp\/v2\/users\/8"}],"replies":[{"embeddable":true,"href":"http:\/\/journalismes-info.ejdg.fr\/index.php\/wp-json\/wp\/v2\/comments?post=1991"}],"version-history":[{"count":5,"href":"http:\/\/journalismes-info.ejdg.fr\/index.php\/wp-json\/wp\/v2\/posts\/1991\/revisions"}],"predecessor-version":[{"id":1995,"href":"http:\/\/journalismes-info.ejdg.fr\/index.php\/wp-json\/wp\/v2\/posts\/1991\/revisions\/1995"}],"wp:featuredmedia":[{"embeddable":true,"href":"http:\/\/journalismes-info.ejdg.fr\/index.php\/wp-json\/wp\/v2\/media\/1997"}],"wp:attachment":[{"href":"http:\/\/journalismes-info.ejdg.fr\/index.php\/wp-json\/wp\/v2\/media?parent=1991"}],"wp:term":[{"taxonomy":"category","embeddable":true,"href":"http:\/\/journalismes-info.ejdg.fr\/index.php\/wp-json\/wp\/v2\/categories?post=1991"},{"taxonomy":"post_tag","embeddable":true,"href":"http:\/\/journalismes-info.ejdg.fr\/index.php\/wp-json\/wp\/v2\/tags?post=1991"}],"curies":[{"name":"wp","href":"https:\/\/api.w.org\/{rel}","templated":true}]}}