{"id":1953,"date":"2018-04-12T10:22:41","date_gmt":"2018-04-12T08:22:41","guid":{"rendered":"http:\/\/journalismes-info.ejdg.fr\/?p=1953"},"modified":"2018-04-14T12:30:24","modified_gmt":"2018-04-14T10:30:24","slug":"facts-and-affects-1-yusuf-omar","status":"publish","type":"post","link":"http:\/\/journalismes-info.ejdg.fr\/index.php\/2018\/04\/12\/facts-and-affects-1-yusuf-omar\/","title":{"rendered":"Facts and Affects &#8211; Yusuf Omar sur la d\u00e9ception"},"content":{"rendered":"<p>[et_pb_section bb_built=\u00a0\u00bb1&Prime;][et_pb_row][et_pb_column type=\u00a0\u00bb4_4&Prime;][et_pb_text _builder_version=\u00a0\u00bb3.0.75&Prime; background_layout=\u00a0\u00bblight\u00a0\u00bb border_style=\u00a0\u00bbsolid\u00a0\u00bb]<\/p>\n<p>Suite \u00e0 la parution du livre de Florence Le Cam et Denis Ruellan <em>\u00c9motions de journalistes<\/em> (2017, PUG), la r\u00e9daction de <em>Journalisme infos<\/em> lance une s\u00e9rie de vid\u00e9os \u00ab Facts and Affects \u00bb dans le cadre du Festival international du journalisme de P\u00e9rouse. Selon ces chercheurs, l\u2019\u00e9motion est au coeur des pratiques professionnelles, et notamment journalistiques.\u00a0Journalistes web, photojournalistes, reporters: des journalistes du monde entier partagent avec vous les \u00e9motions qu&rsquo;ils ont ressenties au cours de leur carri\u00e8re.<\/p>\n<p>Rencontre avec Yusuf Omar, un journaliste haut en couleurs, explorateur international des nouveaux modes de narration. Il a fait des r\u00e9seaux sociaux son terrain de jeu, jamais sans ses lunettes \u00ab\u00a0Spectacles\u00a0\u00bb connect\u00e9es \u00e0 Snapchat.<\/p>\n<p>[\/et_pb_text][et_pb_video _builder_version=\u00a0\u00bb3.0.75&Prime; src=\u00a0\u00bbhttps:\/\/www.youtube.com\/watch?v=uBdpjzIJS2A\u00a0\u00bb \/][\/et_pb_column][\/et_pb_row][\/et_pb_section]<\/p>\n","protected":false},"excerpt":{"rendered":"<p>[et_pb_section bb_built=\u00a0\u00bb1&Prime;][et_pb_row][et_pb_column type=\u00a0\u00bb4_4&Prime;][et_pb_text _builder_version=\u00a0\u00bb3.0.75&Prime; background_layout=\u00a0\u00bblight\u00a0\u00bb border_style=\u00a0\u00bbsolid\u00a0\u00bb] Suite \u00e0 la parution du livre de Florence Le Cam et Denis Ruellan \u00c9motions de journalistes (2017, PUG), la r\u00e9daction de Journalisme infos lance une s\u00e9rie de vid\u00e9os \u00ab Facts and Affects \u00bb dans le cadre du Festival international du journalisme de P\u00e9rouse. Selon ces chercheurs, l\u2019\u00e9motion est au [&hellip;]<\/p>\n","protected":false},"author":6,"featured_media":1959,"comment_status":"open","ping_status":"open","sticky":false,"template":"","format":"standard","meta":[],"categories":[329,11],"tags":[279,216,327,322],"_links":{"self":[{"href":"http:\/\/journalismes-info.ejdg.fr\/index.php\/wp-json\/wp\/v2\/posts\/1953"}],"collection":[{"href":"http:\/\/journalismes-info.ejdg.fr\/index.php\/wp-json\/wp\/v2\/posts"}],"about":[{"href":"http:\/\/journalismes-info.ejdg.fr\/index.php\/wp-json\/wp\/v2\/types\/post"}],"author":[{"embeddable":true,"href":"http:\/\/journalismes-info.ejdg.fr\/index.php\/wp-json\/wp\/v2\/users\/6"}],"replies":[{"embeddable":true,"href":"http:\/\/journalismes-info.ejdg.fr\/index.php\/wp-json\/wp\/v2\/comments?post=1953"}],"version-history":[{"count":9,"href":"http:\/\/journalismes-info.ejdg.fr\/index.php\/wp-json\/wp\/v2\/posts\/1953\/revisions"}],"predecessor-version":[{"id":2135,"href":"http:\/\/journalismes-info.ejdg.fr\/index.php\/wp-json\/wp\/v2\/posts\/1953\/revisions\/2135"}],"wp:featuredmedia":[{"embeddable":true,"href":"http:\/\/journalismes-info.ejdg.fr\/index.php\/wp-json\/wp\/v2\/media\/1959"}],"wp:attachment":[{"href":"http:\/\/journalismes-info.ejdg.fr\/index.php\/wp-json\/wp\/v2\/media?parent=1953"}],"wp:term":[{"taxonomy":"category","embeddable":true,"href":"http:\/\/journalismes-info.ejdg.fr\/index.php\/wp-json\/wp\/v2\/categories?post=1953"},{"taxonomy":"post_tag","embeddable":true,"href":"http:\/\/journalismes-info.ejdg.fr\/index.php\/wp-json\/wp\/v2\/tags?post=1953"}],"curies":[{"name":"wp","href":"https:\/\/api.w.org\/{rel}","templated":true}]}}