{"id":1837,"date":"2018-03-21T12:47:45","date_gmt":"2018-03-21T11:47:45","guid":{"rendered":"http:\/\/journalismes-info.ejdg.fr\/?p=1837"},"modified":"2018-03-21T13:29:43","modified_gmt":"2018-03-21T12:29:43","slug":"acces-a-linformation-chez-les-personnes-handicapees-la-place-du-web","status":"publish","type":"post","link":"http:\/\/journalismes-info.ejdg.fr\/index.php\/2018\/03\/21\/acces-a-linformation-chez-les-personnes-handicapees-la-place-du-web\/","title":{"rendered":"Acc\u00e8s \u00e0 l\u2019information chez les personnes handicap\u00e9es : la place du web"},"content":{"rendered":"<p>[et_pb_section bb_built=\u00a0\u00bb1&Prime;][et_pb_row][et_pb_column type=\u00a0\u00bb4_4&Prime;][et_pb_post_title _builder_version=\u00a0\u00bb3.0.75&Prime; title=\u00a0\u00bbon\u00a0\u00bb meta=\u00a0\u00bbon\u00a0\u00bb author=\u00a0\u00bboff\u00a0\u00bb date=\u00a0\u00bbon\u00a0\u00bb categories=\u00a0\u00bbon\u00a0\u00bb comments=\u00a0\u00bbon\u00a0\u00bb featured_image=\u00a0\u00bboff\u00a0\u00bb featured_placement=\u00a0\u00bbbelow\u00a0\u00bb text_color=\u00a0\u00bbdark\u00a0\u00bb text_background=\u00a0\u00bboff\u00a0\u00bb border_style=\u00a0\u00bbsolid\u00a0\u00bb text_orientation=\u00a0\u00bbcenter\u00a0\u00bb title_font=\u00a0\u00bb||||\u00a0\u00bb title_text_color=\u00a0\u00bbrgba(0,0,0,0.91)\u00a0\u00bb \/][et_pb_text _builder_version=\u00a0\u00bb3.0.75&Prime; background_layout=\u00a0\u00bblight\u00a0\u00bb border_style=\u00a0\u00bbsolid\u00a0\u00bb text_font_size=\u00a0\u00bb18&Prime; custom_margin=\u00a0\u00bb|10px||50px\u00a0\u00bb custom_padding=\u00a0\u00bb|10px||50px\u00a0\u00bb]<\/p>\n<p align=\"justify\"><em>Comment s\u2019informer sans les yeux ni la perception du moindre son ? En France, parmi les 12 millions de personnes handicap\u00e9es, 6,7 sont concern\u00e9es par une d\u00e9ficience sensorielle. Une perception de l\u2019information diff\u00e9rente mais un acc\u00e8s aux m\u00e9dias facilit\u00e9 par internet. <\/em><\/p>\n<p align=\"justify\"><em>\u00ab 60\u00a0% des sourds n\u2019ont pas acc\u00e8s \u00e0 l\u2019information\u00a0\u00bb<\/em>, indique No\u00e9mie Churlet, directrice de publication de <a href=\"http:\/\/www.media-pi.org\/pilote\/apropos.php\"><i>M\u00e9dia\u2019Pi<\/i><\/a>. Et \u00e0 ce manque d\u2019information viennent s\u2019ajouter parfois de mauvaises traductions en langue des signes. Le web offre cependant des outils pour rendre l\u2019actualit\u00e9 plus accessible aussi bien pour les sourds que pour les aveugles.<\/p>\n<p><strong> Accessibilit\u00e9 croissante <\/strong><\/p>\n<p align=\"justify\">\u00ab\u00a0Internet est une source d\u2019information ph\u00e9nom\u00e9nale pour les aveugles au point que je ne sais pas si j\u2019aurais pu faire ce m\u00e9tier aussi facilement sans<i>\u00a0<\/i>\u00bb, estime Sophie Massieu, journaliste non-voyante. Dipl\u00f4m\u00e9e en 2000 par le Centre de Formation des Journalistes, elle est la r\u00e9alisatrice de documentaires pour l\u2019\u00e9mission <em>Dans tes yeux<\/em> sur Arte. Gr\u00e2ce aux lecteurs d\u2019\u00e9cran, des logiciels qui lisent \u00e0 voix haute ce qui \u00e9crit \u00e0 l\u2019\u00e9cran, le web permet l\u2019acc\u00e8s aux contenus des journaux papiers pour les handicap\u00e9s visuels.<em> \u00ab\u00a0Les seuls probl\u00e8mes que nous pouvons avoir sur le web concernent l\u2019\u00e9crit, mais il y a d\u2019autres formats comme les podcasts, les replays et l\u00e0 pour le coup on est sur un pied d\u2019\u00e9galit\u00e9 avec tout le monde\u00a0!\u00a0\u00bb<\/em><i>, <\/i>sourit Sophie Massieu.<\/p>\n<p align=\"justify\">L\u2019acc\u00e8s \u00e0 l\u2019information est cependant plus compliqu\u00e9 pour les personnes atteintes de surdit\u00e9. Cr\u00e9e en 2017, la plateforme num\u00e9rique <em>M\u00e9dia\u2019Pi<\/em> vise justement \u00e0 la rendre plus accessible aux sourds. Il s\u2019agit de l\u2019un des rares m\u00e9dias qui diffusent l\u2019actualit\u00e9 en langue des signes et avec des sous-titrages en fran\u00e7ais. Cette offre conna\u00eet un certain succ\u00e8s\u00a0: <em>\u00ab\u00a0nous sommes d\u00e9j\u00e0 \u00e0 2500 abonn\u00e9s\u00a0\u00bb<\/em>, se f\u00e9licite No\u00e9mie Churlet lors de sa pr\u00e9sentation aux Assises du Journalisme \u00e0 Tours. Il s\u2019agit d\u2019un outil essentiel quand on sait que les personnes sourdes sont tout particuli\u00e8rement touch\u00e9es par l\u2019illettrisme. <em>\u00ab\u00a0Leur langue maternelle, ce n\u2019est pas le fran\u00e7ais c\u2019est la langue des signes\u00a0\u00bb<\/em>, indique Sophie Massieu.<\/p>\n<p><strong> Des progr\u00e8s sont encore \u00e0 faire<\/strong><\/p>\n<p align=\"justify\"><em>\u00ab\u00a0Les journaux ont parfois le mauvais go\u00fbt de mettre \u00e0 disposition leur version num\u00e9rique en .pdf\u00a0\u00bb<\/em>, regrette Sophie Massieu. La journaliste souhaiterait lire les actualit\u00e9s telles qu\u2019elles sont pr\u00e9sent\u00e9es dans la maquette des versions papiers afin de <span style=\"float: none;background-color: transparent;color: #333333;cursor: text;font-family: Georgia,'Times New Roman','Bitstream Charter',Times,serif;font-size: 16px;font-style: normal;font-variant: normal;font-weight: 400;letter-spacing: normal;line-height: 24px;text-align: left;text-decoration: none;text-indent: 0px\">prendre note de leur hi\u00e9rarchisation, <\/span>indispensable pour le travail journalistique<span style=\"float: none;background-color: transparent;color: #333333;cursor: text;font-family: Georgia,'Times New Roman','Bitstream Charter',Times,serif;font-size: 16px;font-style: normal;font-variant: normal;font-weight: 400;letter-spacing: normal;line-height: 24px;text-align: left;text-decoration: none;text-indent: 0px\">. Le <\/span>format PDF, propos\u00e9 par <a href=\"http:\/\/www.lemonde.fr\/\"><em>Le Monde<\/em><\/a> et <a href=\"http:\/\/www.liberation.fr\/\"><em>Lib\u00e9ration<\/em><\/a> \u00e0 leurs abonn\u00e9s, ne permet pas l&rsquo;authentification des caract\u00e8res et de ce fait emp\u00eache la lecture d&rsquo;\u00e9cran :<em> \u00ab\u00a0Je ne vois plus rien hormis le num\u00e9ro de la page. J\u2019arrive m\u00eame pas \u00e0 aller sur la page suivante, je reste bloqu\u00e9e sur la premi\u00e8re page. J\u2019ai envoy\u00e9 des mails \u00e0 plusieurs r\u00e9dactions mais je n\u2019ai pas eu de r\u00e9ponse \u00bb.<\/em> Certaines applications peuvent \u00eatre de bonnes alternatives, comme celle de La Matinale du <i>Monde. <\/i>Elle donne acc\u00e8s \u00e0 un flux direct d\u2019information et permet de s\u2019abonner \u00e0 certains sujets. <em>\u00ab\u00a0Il y a encore du progr\u00e8s \u00e0 faire, mais comme quand on repr\u00e9sente une minorit\u00e9, il est compliqu\u00e9 de faire du lobbying\u00a0\u00bb.<\/em><\/p>\n<p>[\/et_pb_text][et_pb_team_member _builder_version=\u00a0\u00bb3.0.75&Prime; background_layout=\u00a0\u00bblight\u00a0\u00bb text_orientation=\u00a0\u00bbcenter\u00a0\u00bb border_style=\u00a0\u00bbsolid\u00a0\u00bb \/][\/et_pb_column][\/et_pb_row][et_pb_row][et_pb_column type=\u00a0\u00bb4_4&Prime;][et_pb_image _builder_version=\u00a0\u00bb3.0.75&Prime; show_in_lightbox=\u00a0\u00bboff\u00a0\u00bb url_new_window=\u00a0\u00bboff\u00a0\u00bb use_overlay=\u00a0\u00bboff\u00a0\u00bb always_center_on_mobile=\u00a0\u00bbon\u00a0\u00bb border_style=\u00a0\u00bbsolid\u00a0\u00bb force_fullwidth=\u00a0\u00bboff\u00a0\u00bb show_bottom_space=\u00a0\u00bbon\u00a0\u00bb align=\u00a0\u00bbcenter\u00a0\u00bb max_width=\u00a0\u00bb70%\u00a0\u00bb \/][et_pb_text _builder_version=\u00a0\u00bb3.0.75&Prime; background_layout=\u00a0\u00bblight\u00a0\u00bb border_style=\u00a0\u00bbsolid\u00a0\u00bb text_font_size=\u00a0\u00bb16&Prime; custom_margin=\u00a0\u00bb|10px||50px\u00a0\u00bb custom_padding=\u00a0\u00bb|10px||50px\u00a0\u00bb \/][\/et_pb_column][\/et_pb_row][\/et_pb_section]<\/p>\n","protected":false},"excerpt":{"rendered":"<p>[et_pb_section bb_built=\u00a0\u00bb1&Prime;][et_pb_row][et_pb_column type=\u00a0\u00bb4_4&Prime;][et_pb_post_title _builder_version=\u00a0\u00bb3.0.75&Prime; title=\u00a0\u00bbon\u00a0\u00bb meta=\u00a0\u00bbon\u00a0\u00bb author=\u00a0\u00bboff\u00a0\u00bb date=\u00a0\u00bbon\u00a0\u00bb categories=\u00a0\u00bbon\u00a0\u00bb comments=\u00a0\u00bbon\u00a0\u00bb featured_image=\u00a0\u00bboff\u00a0\u00bb featured_placement=\u00a0\u00bbbelow\u00a0\u00bb text_color=\u00a0\u00bbdark\u00a0\u00bb text_background=\u00a0\u00bboff\u00a0\u00bb border_style=\u00a0\u00bbsolid\u00a0\u00bb text_orientation=\u00a0\u00bbcenter\u00a0\u00bb title_font=\u00a0\u00bb||||\u00a0\u00bb title_text_color=\u00a0\u00bbrgba(0,0,0,0.91)\u00a0\u00bb \/][et_pb_text _builder_version=\u00a0\u00bb3.0.75&Prime; background_layout=\u00a0\u00bblight\u00a0\u00bb border_style=\u00a0\u00bbsolid\u00a0\u00bb text_font_size=\u00a0\u00bb18&Prime; custom_margin=\u00a0\u00bb|10px||50px\u00a0\u00bb custom_padding=\u00a0\u00bb|10px||50px\u00a0\u00bb] Comment s\u2019informer sans les yeux ni la perception du moindre son ? En France, parmi les 12 millions de personnes handicap\u00e9es, 6,7 sont concern\u00e9es par une d\u00e9ficience sensorielle. Une perception [&hellip;]<\/p>\n","protected":false},"author":31,"featured_media":1838,"comment_status":"open","ping_status":"open","sticky":false,"template":"","format":"standard","meta":[],"categories":[3],"tags":[319,317,318,64,320,248],"_links":{"self":[{"href":"http:\/\/journalismes-info.ejdg.fr\/index.php\/wp-json\/wp\/v2\/posts\/1837"}],"collection":[{"href":"http:\/\/journalismes-info.ejdg.fr\/index.php\/wp-json\/wp\/v2\/posts"}],"about":[{"href":"http:\/\/journalismes-info.ejdg.fr\/index.php\/wp-json\/wp\/v2\/types\/post"}],"author":[{"embeddable":true,"href":"http:\/\/journalismes-info.ejdg.fr\/index.php\/wp-json\/wp\/v2\/users\/31"}],"replies":[{"embeddable":true,"href":"http:\/\/journalismes-info.ejdg.fr\/index.php\/wp-json\/wp\/v2\/comments?post=1837"}],"version-history":[{"count":6,"href":"http:\/\/journalismes-info.ejdg.fr\/index.php\/wp-json\/wp\/v2\/posts\/1837\/revisions"}],"predecessor-version":[{"id":1844,"href":"http:\/\/journalismes-info.ejdg.fr\/index.php\/wp-json\/wp\/v2\/posts\/1837\/revisions\/1844"}],"wp:featuredmedia":[{"embeddable":true,"href":"http:\/\/journalismes-info.ejdg.fr\/index.php\/wp-json\/wp\/v2\/media\/1838"}],"wp:attachment":[{"href":"http:\/\/journalismes-info.ejdg.fr\/index.php\/wp-json\/wp\/v2\/media?parent=1837"}],"wp:term":[{"taxonomy":"category","embeddable":true,"href":"http:\/\/journalismes-info.ejdg.fr\/index.php\/wp-json\/wp\/v2\/categories?post=1837"},{"taxonomy":"post_tag","embeddable":true,"href":"http:\/\/journalismes-info.ejdg.fr\/index.php\/wp-json\/wp\/v2\/tags?post=1837"}],"curies":[{"name":"wp","href":"https:\/\/api.w.org\/{rel}","templated":true}]}}