{"id":1824,"date":"2018-03-20T21:14:32","date_gmt":"2018-03-20T20:14:32","guid":{"rendered":"http:\/\/journalismes-info.ejdg.fr\/?p=1824"},"modified":"2018-03-20T21:25:55","modified_gmt":"2018-03-20T20:25:55","slug":"la-presse-quotidienne-regionale-en-mutations","status":"publish","type":"post","link":"http:\/\/journalismes-info.ejdg.fr\/index.php\/2018\/03\/20\/la-presse-quotidienne-regionale-en-mutations\/","title":{"rendered":"La presse quotidienne r\u00e9gionale en mutations"},"content":{"rendered":"<p>[et_pb_section bb_built=\u00a0\u00bb1&Prime;][et_pb_row][et_pb_column type=\u00a0\u00bb4_4&Prime;][et_pb_post_title _builder_version=\u00a0\u00bb3.0.75&Prime; title=\u00a0\u00bbon\u00a0\u00bb meta=\u00a0\u00bbon\u00a0\u00bb author=\u00a0\u00bboff\u00a0\u00bb date=\u00a0\u00bbon\u00a0\u00bb categories=\u00a0\u00bbon\u00a0\u00bb comments=\u00a0\u00bbon\u00a0\u00bb featured_image=\u00a0\u00bboff\u00a0\u00bb featured_placement=\u00a0\u00bbbelow\u00a0\u00bb text_color=\u00a0\u00bbdark\u00a0\u00bb text_background=\u00a0\u00bboff\u00a0\u00bb border_style=\u00a0\u00bbsolid\u00a0\u00bb text_orientation=\u00a0\u00bbcenter\u00a0\u00bb title_font=\u00a0\u00bb||||\u00a0\u00bb title_text_color=\u00a0\u00bbrgba(0,0,0,0.91)\u00a0\u00bb \/][et_pb_team_member _builder_version=\u00a0\u00bb3.0.75&Prime; name=\u00a0\u00bbLOC&rsquo;H Alexandre\u00a0\u00bb twitter_url=\u00a0\u00bbhttps:\/\/twitter.com\/ExpositoAlex\u00a0\u00bb background_layout=\u00a0\u00bblight\u00a0\u00bb border_style=\u00a0\u00bbsolid\u00a0\u00bb text_orientation=\u00a0\u00bbcenter\u00a0\u00bb \/][et_pb_text _builder_version=\u00a0\u00bb3.0.75&Prime; background_layout=\u00a0\u00bblight\u00a0\u00bb border_style=\u00a0\u00bbsolid\u00a0\u00bb text_font_size=\u00a0\u00bb18&Prime; custom_margin=\u00a0\u00bb|10px||50px\u00a0\u00bb custom_padding=\u00a0\u00bb|10px||50px\u00a0\u00bb text_orientation=\u00a0\u00bbjustified\u00a0\u00bb]<\/p>\n<p class=\"p1\"><strong><span class=\"s1\"><i>La presse quotidienne r\u00e9gionale voit depuis peu une diminution de ses ventes. L\u2019un des enjeux : son d\u00e9veloppement sur le web et les r\u00e9seaux sociaux.<\/i><\/span><i> <\/i><span class=\"s1\"><i>Avec un lectorat vieillissant, comment inciter un public plus jeune \u00e0 ne pas se diriger tout entier sur le web, et sans boussole, et \u00e0 s\u2019int\u00e9resser \u00e0 la diffusion en ligne des titres papier ? Aux 11\u00e8mes Assises du Journalisme de Tours, un panel de m\u00e9dias a creus\u00e9 la question.<\/i><\/span><\/strong><\/p>\n<p class=\"p1\"><span class=\"s1\">Avec pr\u00e8s de 3,6 millions d\u2019exemplaires vendus quotidiennement, la presse r\u00e9gionale n\u2019est pas en crise. Mais le d\u00e9veloppement d\u2019internet bouleverse l\u2019acc\u00e8s \u00e0 l\u2019information, et le fragile \u00e9quilibre du papier pourrait \u00e0 terme, \u00eatre perdu. Premi\u00e8re raison d\u2019un d\u00e9samour qui se d\u00e9veloppe entre les fran\u00e7ais et la presse : l\u2019argent. En effet, le contenu pr\u00e9sent sur les r\u00e9seaux sociaux est gratuit et permet d\u2019\u00eatre relativement inform\u00e9.<span class=\"Apple-converted-space\">\u00a0 <\/span>Pour preuve, on recense 9,4 millions de visites num\u00e9riques par jour. Guillaume Lecointre, directeur des \u00e9tudes marketing du groupe Rossel La Voix, d\u00e9clare \u00e0 ce sujet : <i>\u00ab\u00a0On trouve de l\u2019information illimit\u00e9e sur le web, pourquoi payer, en plus, une version papier pour le m\u00eame contenu ?\u00a0\u00bb.<\/i> Pour les intervenants de l\u2019atelier, c\u2019est avant tout une question de contenu. \u00ab\u00a0<i>Il faut proposer du contenu novateur dans nos publications, que ce soit l\u2019image ou le texte, nous devons casser des codes qui sont trop pr\u00e9visibles pour notre lectorat\u00a0\u00bb<\/i>, souligne Guillaume Lecointre.<\/span><\/p>\n<h3 class=\"p3\"><span class=\"s1\"><b>Donner de la forme au fond<\/b><\/span><\/h3>\n<p class=\"p1\"><span class=\"s1\">G\u00e9raldine Baehr, r\u00e9dactrice en chef d\u00e9l\u00e9gu\u00e9e \u00e0 <i>L\u2019Union, <\/i>Flora Chauvau, r\u00e9dactrice charg\u00e9 du web \u00e0 <i>Ouest France<\/i> Quimper, et Emmanuelle Pavillon, directrice d\u00e9partementale de <i>La Nouvelle R\u00e9publique<\/i> en Indre-et-Loire s\u2019accordent pour dire qu\u2019il faut que la presse quotidienne r\u00e9gionale se mette \u00e0 la page. Il faudrait renouveler le journalisme de proximit\u00e9, dans son contenu comme dans la forme.<\/span><\/p>\n<p class=\"p1\"><span class=\"s1\">G\u00e9raldine Baehr, de <i>L\u2019Union<\/i>, propose de r\u00e9inventer la presse quotidienne r\u00e9gionale avec du contenu qu\u2019elle souhaite trait\u00e9 diff\u00e9remment. Elle donne l\u2019exemple de certains sujets parus dans son journal, comme un hit-parade des chansons diffus\u00e9es dans les cr\u00e9matoriums. Alors que ce sujet peut para\u00eetre de mauvais go\u00fbt pour un lectorat \u00e2g\u00e9, elle assure que c\u2019est le moyen de <i>\u00ab\u00a0donner go\u00fbt et int\u00e9r\u00eat pour ce genre de sujet \u00e0 un autre public\u00a0\u00bb<\/i>. Est-ce une solution p\u00e9renne ? Pas forc\u00e9ment pour Flora Chauvau, r\u00e9dactrice charg\u00e9 du web \u00e0 <i>Ouest France<\/i> Quimper :<i> \u00ab\u00a0Ici j&rsquo;entends parfois des jeunes dire qu&rsquo;ils lisent C\u00f4t\u00e9 Quimper, le gratuit au format un peu plus punchy que Ouest France. Pour moi, ce n\u2019est pas durable car les attentes des g\u00e9n\u00e9rations \u00e9voluent vite\u00a0\u00bb<\/i>.<\/span><\/p>\n<p class=\"p1\"><span class=\"s1\">Emmanuelle Pavillon, directrice d\u00e9partementale de <i>La Nouvelle R\u00e9publique<\/i> en Indre-et-Loire, consid\u00e8re l\u2019investigation comme un nouveau moteur pour la presse. Selon elle, m\u00eame dans des secteurs tr\u00e8s ruraux o\u00f9 certains imaginent qu\u2019il ne se passe pas grand chose, il existe une mine d\u2019or d\u2019informations et d\u2019enqu\u00eates possibles sur la vie des gens et de leur quotidien. Aller plus loin dans la recherche d\u2019informations, d\u00e9noterait avec le \u00ab\u00a0journalisme de service\u00a0\u00bb qu\u2019elle critique, l\u2019estimant <i>\u00ab\u00a0trop repr\u00e9sent\u00e9 et d\u2019int\u00e9r\u00eat minime\u00a0\u00bb<\/i>. Flora Chauvau nuance le propos, assurant que le journalisme de service est <i>\u00ab\u00a0utile\u00a0\u00bb<\/i>. Cependant, elle consid\u00e8re aussi que l\u2019investigation est la solution id\u00e9ale aux maux de la presse \u00e9crite : <i>\u00ab\u00a0\u00c7a prouve au lecteur la plus-value d&rsquo;une information produite par des journalistes professionnels, c&rsquo;est aussi ce que les gens attendent des m\u00e9dias. Bien vendue, une enqu\u00eate peut davantage conduire le lecteur \u00e0 payer\u00a0\u00bb<\/i>.<\/span><\/p>\n<h3 class=\"p3\"><span class=\"s1\"><b>Faire \u00e9voluer les habitudes de consommation<\/b><\/span><\/h3>\n<p class=\"p1\"><span class=\"s1\">Si l\u2019ensemble des repr\u00e9sentants s\u2019accordent pour \u00e9voquer l\u2019importance d\u2019internet pour le futur de la presse, ils estiment aussi qu\u2019il ne doit pas totalement \u00e9clipser le papier. Emmanuelle Pavillon, souhaite qu\u2019une information puisse \u00e9voluer sur diff\u00e9rents formats, comme \u00ab\u00a0<i> faire naitre sur papier et proposer de nombreux contenus multim\u00e9dias sur internet pour mettre l\u2019information en valeur\u00a0<\/i>\u00bb.<\/span><\/p>\n<p class=\"p1\"><span class=\"s1\">C\u00e9line Bardy, directrice d\u00e9partementale de <i>Ouest France<\/i> Vend\u00e9e, pense quant \u00e0 elle qu\u2019il faudrait changer les habitudes des lecteurs et que cela ne devrait pas \u00eatre si compliqu\u00e9. M\u00eame les personnes \u00e2g\u00e9es, habitu\u00e9es<span class=\"Apple-converted-space\">\u00a0 <\/span>de certains contenus, peuvent trouver une nouvelle mani\u00e8re de consommer l\u2019information. Elle prend pour preuve l\u2019utilisation croissante de smartphone ou de tablette par les seniors. Pour Flora Chauvau, l\u2019information du futur s\u2019installera au bout de nos doigts : \u00ab\u00a0<i>Adapter le plus possible notre contenu \u00e0 la lecture sur smartphone, c&rsquo;est la pratique qui est en plein boom. Un format o\u00f9 l\u2019on explore en faisant d\u00e9filer au doigt. Et \u00e0 terme on peut imaginer la consultation de l&rsquo;actu via une interface de type Siri o\u00f9 tu demandes \u00ab\u00a0Quoi de neuf \u00e0 Quimper\u00a0\u00bb et une voix donnerait les principaux titres !\u00a0\u00bb.<\/i><\/span><\/p>\n<p class=\"p1\"><span class=\"s1\">Adapter le contenu \u00e0 un public plus large, s\u2019installer sur le num\u00e9rique sans n\u00e9gliger le papier ou encore aller plus loin dans les enqu\u00eates, voil\u00e0 les id\u00e9es qui sont explor\u00e9es. L\u2019avenir nous dira lesquelles pourront d\u00e9finitivement s\u2019installer et renouveler l\u2019information r\u00e9gionale dans le quotidien des fran\u00e7ais. <\/span><\/p>\n<p>[\/et_pb_text][et_pb_team_member _builder_version=\u00a0\u00bb3.0.75&Prime; background_layout=\u00a0\u00bblight\u00a0\u00bb text_orientation=\u00a0\u00bbcenter\u00a0\u00bb border_style=\u00a0\u00bbsolid\u00a0\u00bb \/][\/et_pb_column][\/et_pb_row][et_pb_row][et_pb_column type=\u00a0\u00bb4_4&Prime;][et_pb_image _builder_version=\u00a0\u00bb3.0.75&Prime; show_in_lightbox=\u00a0\u00bboff\u00a0\u00bb url_new_window=\u00a0\u00bboff\u00a0\u00bb use_overlay=\u00a0\u00bboff\u00a0\u00bb always_center_on_mobile=\u00a0\u00bbon\u00a0\u00bb border_style=\u00a0\u00bbsolid\u00a0\u00bb force_fullwidth=\u00a0\u00bboff\u00a0\u00bb show_bottom_space=\u00a0\u00bbon\u00a0\u00bb align=\u00a0\u00bbcenter\u00a0\u00bb max_width=\u00a0\u00bb70%\u00a0\u00bb \/][et_pb_text _builder_version=\u00a0\u00bb3.0.75&Prime; background_layout=\u00a0\u00bblight\u00a0\u00bb border_style=\u00a0\u00bbsolid\u00a0\u00bb text_font_size=\u00a0\u00bb16&Prime; custom_margin=\u00a0\u00bb|10px||50px\u00a0\u00bb custom_padding=\u00a0\u00bb|10px||50px\u00a0\u00bb \/][\/et_pb_column][\/et_pb_row][\/et_pb_section]<\/p>\n","protected":false},"excerpt":{"rendered":"<p>[et_pb_section bb_built=\u00a0\u00bb1&Prime;][et_pb_row][et_pb_column type=\u00a0\u00bb4_4&Prime;][et_pb_post_title _builder_version=\u00a0\u00bb3.0.75&Prime; title=\u00a0\u00bbon\u00a0\u00bb meta=\u00a0\u00bbon\u00a0\u00bb author=\u00a0\u00bboff\u00a0\u00bb date=\u00a0\u00bbon\u00a0\u00bb categories=\u00a0\u00bbon\u00a0\u00bb comments=\u00a0\u00bbon\u00a0\u00bb featured_image=\u00a0\u00bboff\u00a0\u00bb featured_placement=\u00a0\u00bbbelow\u00a0\u00bb text_color=\u00a0\u00bbdark\u00a0\u00bb text_background=\u00a0\u00bboff\u00a0\u00bb border_style=\u00a0\u00bbsolid\u00a0\u00bb text_orientation=\u00a0\u00bbcenter\u00a0\u00bb title_font=\u00a0\u00bb||||\u00a0\u00bb title_text_color=\u00a0\u00bbrgba(0,0,0,0.91)\u00a0\u00bb \/][et_pb_team_member _builder_version=\u00a0\u00bb3.0.75&Prime; name=\u00a0\u00bbLOC&rsquo;H Alexandre\u00a0\u00bb twitter_url=\u00a0\u00bbhttps:\/\/twitter.com\/ExpositoAlex\u00a0\u00bb background_layout=\u00a0\u00bblight\u00a0\u00bb border_style=\u00a0\u00bbsolid\u00a0\u00bb text_orientation=\u00a0\u00bbcenter\u00a0\u00bb \/][et_pb_text _builder_version=\u00a0\u00bb3.0.75&Prime; background_layout=\u00a0\u00bblight\u00a0\u00bb border_style=\u00a0\u00bbsolid\u00a0\u00bb text_font_size=\u00a0\u00bb18&Prime; custom_margin=\u00a0\u00bb|10px||50px\u00a0\u00bb custom_padding=\u00a0\u00bb|10px||50px\u00a0\u00bb text_orientation=\u00a0\u00bbjustified\u00a0\u00bb] La presse quotidienne r\u00e9gionale voit depuis peu une diminution de ses ventes. L\u2019un des enjeux : son d\u00e9veloppement sur le web [&hellip;]<\/p>\n","protected":false},"author":21,"featured_media":1825,"comment_status":"open","ping_status":"open","sticky":false,"template":"","format":"standard","meta":[],"categories":[3,23],"tags":[267,316,27,64,86],"_links":{"self":[{"href":"http:\/\/journalismes-info.ejdg.fr\/index.php\/wp-json\/wp\/v2\/posts\/1824"}],"collection":[{"href":"http:\/\/journalismes-info.ejdg.fr\/index.php\/wp-json\/wp\/v2\/posts"}],"about":[{"href":"http:\/\/journalismes-info.ejdg.fr\/index.php\/wp-json\/wp\/v2\/types\/post"}],"author":[{"embeddable":true,"href":"http:\/\/journalismes-info.ejdg.fr\/index.php\/wp-json\/wp\/v2\/users\/21"}],"replies":[{"embeddable":true,"href":"http:\/\/journalismes-info.ejdg.fr\/index.php\/wp-json\/wp\/v2\/comments?post=1824"}],"version-history":[{"count":7,"href":"http:\/\/journalismes-info.ejdg.fr\/index.php\/wp-json\/wp\/v2\/posts\/1824\/revisions"}],"predecessor-version":[{"id":1827,"href":"http:\/\/journalismes-info.ejdg.fr\/index.php\/wp-json\/wp\/v2\/posts\/1824\/revisions\/1827"}],"wp:featuredmedia":[{"embeddable":true,"href":"http:\/\/journalismes-info.ejdg.fr\/index.php\/wp-json\/wp\/v2\/media\/1825"}],"wp:attachment":[{"href":"http:\/\/journalismes-info.ejdg.fr\/index.php\/wp-json\/wp\/v2\/media?parent=1824"}],"wp:term":[{"taxonomy":"category","embeddable":true,"href":"http:\/\/journalismes-info.ejdg.fr\/index.php\/wp-json\/wp\/v2\/categories?post=1824"},{"taxonomy":"post_tag","embeddable":true,"href":"http:\/\/journalismes-info.ejdg.fr\/index.php\/wp-json\/wp\/v2\/tags?post=1824"}],"curies":[{"name":"wp","href":"https:\/\/api.w.org\/{rel}","templated":true}]}}