{"id":1669,"date":"2018-03-15T18:46:21","date_gmt":"2018-03-15T17:46:21","guid":{"rendered":"http:\/\/journalismes-info.ejdg.fr\/?p=1669"},"modified":"2018-04-12T16:49:36","modified_gmt":"2018-04-12T14:49:36","slug":"tour-a-tours-3-clara-donna-schmelck-et-jean-pierre-jacqmin","status":"publish","type":"post","link":"http:\/\/journalismes-info.ejdg.fr\/index.php\/2018\/03\/15\/tour-a-tours-3-clara-donna-schmelck-et-jean-pierre-jacqmin\/","title":{"rendered":"Tour \u00e0 Tours &#8211; Clara-Do\u00efna Schmelck et Jean-Pierre Jacqmin"},"content":{"rendered":"<p>[et_pb_section bb_built=\u00a0\u00bb1&Prime;][et_pb_row][et_pb_column type=\u00a0\u00bb4_4&Prime;][et_pb_post_title _builder_version=\u00a0\u00bb3.0.75&Prime; title=\u00a0\u00bbon\u00a0\u00bb meta=\u00a0\u00bbon\u00a0\u00bb author=\u00a0\u00bbon\u00a0\u00bb date=\u00a0\u00bbon\u00a0\u00bb categories=\u00a0\u00bbon\u00a0\u00bb comments=\u00a0\u00bbon\u00a0\u00bb featured_image=\u00a0\u00bbon\u00a0\u00bb featured_placement=\u00a0\u00bbbelow\u00a0\u00bb text_color=\u00a0\u00bbdark\u00a0\u00bb text_background=\u00a0\u00bboff\u00a0\u00bb border_style=\u00a0\u00bbsolid\u00a0\u00bb \/][et_pb_text _builder_version=\u00a0\u00bb3.0.75&Prime; background_layout=\u00a0\u00bblight\u00a0\u00bb border_style=\u00a0\u00bbsolid\u00a0\u00bb text_font_size=\u00a0\u00bb16&Prime;]<\/p>\n<p>Lors de la 11\u00e8me \u00e9dition des Assises du Journalisme \u00e0 Tours, nous avons confront\u00e9 des journalistes aux Unes qui ont marqu\u00e9 l\u2019Histoire et qui ont d\u00e9clench\u00e9 des d\u00e9bats. Clara-Do\u00efna Schmelck, journaliste m\u00e9dias et Jean-Pierre Jacqmin, directeur de l&rsquo;information RTBF donnent leur avis sur les Unes de Lib\u00e9ration \u00ab\u00a0Faites ce que vous voulez mais votez Macron\u00a0\u00bb et de l&rsquo;Obs \u00ab\u00a0Bienvenue au pays des droits de l&rsquo;Homme\u00a0\u00bb.<\/p>\n<p>[\/et_pb_text][et_pb_video _builder_version=\u00a0\u00bb3.0.75&Prime; src=\u00a0\u00bbhttps:\/\/youtu.be\/2FFrTocPSXw\u00a0\u00bb \/][\/et_pb_column][\/et_pb_row][\/et_pb_section]<\/p>\n","protected":false},"excerpt":{"rendered":"<p>[et_pb_section bb_built=\u00a0\u00bb1&Prime;][et_pb_row][et_pb_column type=\u00a0\u00bb4_4&Prime;][et_pb_post_title _builder_version=\u00a0\u00bb3.0.75&Prime; title=\u00a0\u00bbon\u00a0\u00bb meta=\u00a0\u00bbon\u00a0\u00bb author=\u00a0\u00bbon\u00a0\u00bb date=\u00a0\u00bbon\u00a0\u00bb categories=\u00a0\u00bbon\u00a0\u00bb comments=\u00a0\u00bbon\u00a0\u00bb featured_image=\u00a0\u00bbon\u00a0\u00bb featured_placement=\u00a0\u00bbbelow\u00a0\u00bb text_color=\u00a0\u00bbdark\u00a0\u00bb text_background=\u00a0\u00bboff\u00a0\u00bb border_style=\u00a0\u00bbsolid\u00a0\u00bb \/][et_pb_text _builder_version=\u00a0\u00bb3.0.75&Prime; background_layout=\u00a0\u00bblight\u00a0\u00bb border_style=\u00a0\u00bbsolid\u00a0\u00bb text_font_size=\u00a0\u00bb16&Prime;] Lors de la 11\u00e8me \u00e9dition des Assises du Journalisme \u00e0 Tours, nous avons confront\u00e9 des journalistes aux Unes qui ont marqu\u00e9 l\u2019Histoire et qui ont d\u00e9clench\u00e9 des d\u00e9bats. Clara-Do\u00efna Schmelck, journaliste m\u00e9dias et Jean-Pierre Jacqmin, [&hellip;]<\/p>\n","protected":false},"author":23,"featured_media":1684,"comment_status":"open","ping_status":"open","sticky":false,"template":"","format":"standard","meta":[],"categories":[23,11],"tags":[267,251,150,278,252,82],"_links":{"self":[{"href":"http:\/\/journalismes-info.ejdg.fr\/index.php\/wp-json\/wp\/v2\/posts\/1669"}],"collection":[{"href":"http:\/\/journalismes-info.ejdg.fr\/index.php\/wp-json\/wp\/v2\/posts"}],"about":[{"href":"http:\/\/journalismes-info.ejdg.fr\/index.php\/wp-json\/wp\/v2\/types\/post"}],"author":[{"embeddable":true,"href":"http:\/\/journalismes-info.ejdg.fr\/index.php\/wp-json\/wp\/v2\/users\/23"}],"replies":[{"embeddable":true,"href":"http:\/\/journalismes-info.ejdg.fr\/index.php\/wp-json\/wp\/v2\/comments?post=1669"}],"version-history":[{"count":5,"href":"http:\/\/journalismes-info.ejdg.fr\/index.php\/wp-json\/wp\/v2\/posts\/1669\/revisions"}],"predecessor-version":[{"id":1977,"href":"http:\/\/journalismes-info.ejdg.fr\/index.php\/wp-json\/wp\/v2\/posts\/1669\/revisions\/1977"}],"wp:featuredmedia":[{"embeddable":true,"href":"http:\/\/journalismes-info.ejdg.fr\/index.php\/wp-json\/wp\/v2\/media\/1684"}],"wp:attachment":[{"href":"http:\/\/journalismes-info.ejdg.fr\/index.php\/wp-json\/wp\/v2\/media?parent=1669"}],"wp:term":[{"taxonomy":"category","embeddable":true,"href":"http:\/\/journalismes-info.ejdg.fr\/index.php\/wp-json\/wp\/v2\/categories?post=1669"},{"taxonomy":"post_tag","embeddable":true,"href":"http:\/\/journalismes-info.ejdg.fr\/index.php\/wp-json\/wp\/v2\/tags?post=1669"}],"curies":[{"name":"wp","href":"https:\/\/api.w.org\/{rel}","templated":true}]}}