{"id":1668,"date":"2018-03-15T18:16:27","date_gmt":"2018-03-15T17:16:27","guid":{"rendered":"http:\/\/journalismes-info.ejdg.fr\/?p=1668"},"modified":"2018-03-16T11:42:21","modified_gmt":"2018-03-16T10:42:21","slug":"sinformer-sur-snapchat-et-instagram-a-lere-des-stories","status":"publish","type":"post","link":"http:\/\/journalismes-info.ejdg.fr\/index.php\/2018\/03\/15\/sinformer-sur-snapchat-et-instagram-a-lere-des-stories\/","title":{"rendered":"S\u2019informer sur Snapchat et Instagram \u00e0 l\u2019\u00e8re des \u00ab stories \u00bb"},"content":{"rendered":"<p>[et_pb_section bb_built=\u00a0\u00bb1&Prime;][et_pb_row][et_pb_column type=\u00a0\u00bb4_4&Prime;][et_pb_post_title _builder_version=\u00a0\u00bb3.0.75&Prime; title=\u00a0\u00bbon\u00a0\u00bb meta=\u00a0\u00bbon\u00a0\u00bb author=\u00a0\u00bboff\u00a0\u00bb date=\u00a0\u00bbon\u00a0\u00bb categories=\u00a0\u00bbon\u00a0\u00bb comments=\u00a0\u00bbon\u00a0\u00bb featured_image=\u00a0\u00bboff\u00a0\u00bb featured_placement=\u00a0\u00bbbelow\u00a0\u00bb text_color=\u00a0\u00bbdark\u00a0\u00bb text_background=\u00a0\u00bboff\u00a0\u00bb border_style=\u00a0\u00bbsolid\u00a0\u00bb text_orientation=\u00a0\u00bbcenter\u00a0\u00bb title_font=\u00a0\u00bb||||\u00a0\u00bb title_text_color=\u00a0\u00bbrgba(0,0,0,0.91)\u00a0\u00bb \/][et_pb_text _builder_version=\u00a0\u00bb3.0.75&Prime; background_layout=\u00a0\u00bblight\u00a0\u00bb border_style=\u00a0\u00bbsolid\u00a0\u00bb text_font_size=\u00a0\u00bb18&Prime; custom_margin=\u00a0\u00bb|10px||50px\u00a0\u00bb custom_padding=\u00a0\u00bb|10px||50px\u00a0\u00bb \/][et_pb_team_member _builder_version=\u00a0\u00bb3.0.75&Prime; background_layout=\u00a0\u00bblight\u00a0\u00bb text_orientation=\u00a0\u00bbcenter\u00a0\u00bb border_style=\u00a0\u00bbsolid\u00a0\u00bb twitter_url=\u00a0\u00bbhttps:\/\/twitter.com\/potentierphili?lang=fr\u00a0\u00bb name=\u00a0\u00bbPhilippine Potentier \u00a0\u00bb \/][\/et_pb_column][\/et_pb_row][et_pb_row][et_pb_column type=\u00a0\u00bb4_4&Prime;][et_pb_image _builder_version=\u00a0\u00bb3.0.75&Prime; show_in_lightbox=\u00a0\u00bboff\u00a0\u00bb url_new_window=\u00a0\u00bboff\u00a0\u00bb use_overlay=\u00a0\u00bboff\u00a0\u00bb always_center_on_mobile=\u00a0\u00bbon\u00a0\u00bb border_style=\u00a0\u00bbsolid\u00a0\u00bb force_fullwidth=\u00a0\u00bboff\u00a0\u00bb show_bottom_space=\u00a0\u00bbon\u00a0\u00bb align=\u00a0\u00bbcenter\u00a0\u00bb max_width=\u00a0\u00bb70%\u00a0\u00bb \/][et_pb_text _builder_version=\u00a0\u00bb3.0.75&Prime; background_layout=\u00a0\u00bblight\u00a0\u00bb border_style=\u00a0\u00bbsolid\u00a0\u00bb text_font_size=\u00a0\u00bb16&Prime; custom_margin=\u00a0\u00bb|10px||50px\u00a0\u00bb custom_padding=\u00a0\u00bb|10px||50px\u00a0\u00bb]<\/p>\n<p><strong>Depuis deux ans, les \u00ab\u00a0stories\u00a0\u00bb s\u2019imposent sur les smartphones. Qu\u2019est-ce\u00a0? Des vid\u00e9os courtes, disponibles pendant 24h, dans lesquelles se succ\u00e8dent images et textes. En bref, il s\u2019agit de d\u00e9livrer une information de qualit\u00e9 en peu de temps et en peu de mots. Mais l\u2019objectif est-il atteint\u00a0? <\/strong><\/p>\n<p>En novembre 2016 a lieu une petite \u00ab\u00a0r\u00e9volution\u00a0\u00bb dans le paysage m\u00e9diatique fran\u00e7ais. <em>Le Monde<\/em>, quotidien g\u00e9n\u00e9raliste, d\u00e9barque sur Snapchat. Habitu\u00e9 aux articles longs, <em>Le Monde<\/em> se lance un d\u00e9fi\u00a0: publier une information de qualit\u00e9, en tr\u00e8s peu de temps et tr\u00e8s peu de mots. Pour Olivier Laffargue, journaliste de la r\u00e9daction, \u00ab\u00a0c\u2019est une certaine gymnastique\u00a0\u00bb. \u00ab\u00a0Nous avons la contrainte du format et nous devons transmettre le maximum d\u2019informations en un minimum de mots<em>\u00a0\u00bb, <\/em>admet-il. Par ailleurs, sur ces plateformes, chaque m\u00e9dia tente de \u00ab\u00a0<em>conserver son ADN<\/em>\u00a0\u00bb, confie Nicole Triouleyre, r\u00e9dactrice en chef de l\u2019application du <em>Figaro<\/em>.<\/p>\n<p><strong>Exigence et rigueur <\/strong><\/p>\n<p>Sur les r\u00e9seaux sociaux comme Snapchat et Instagram, le ton des <em>stories<\/em> est l\u00e9ger. Pour autant, les contenus sont nombreux\u00a0: images, textes, vid\u00e9os, infographies, sondages. Entre neuf et quatorze \u00ab\u00a0slides\u00a0\u00bb se succ\u00e8dent en moyenne, selon <a href=\"http:\/\/www.businessinsider.fr\/sur-snapchat-discover-france-2-contenus-sur-3-sont-du-divertissement\/\">une enqu\u00eate<\/a> de Marie Turcan pour le site internet <em>Business Insider<\/em>. Toutefois, le travail de recherche reste le m\u00eame. Selon Chlo\u00e9 Woitier, journaliste m\u00e9dias au <em>Figaro<\/em>, ces <em>stories<\/em> sont\u00a0\u00ab\u00a0par nature tr\u00e8s carr\u00e9es\u00a0\u00bb. \u00ab\u00a0Elles parlent en nom du m\u00e9dia, la responsabilit\u00e9 est donc grande\u00a0\u00bb, ajoute-t-elle. Olivier Laffargue confirme\u00a0: \u00ab\u00a0En se lan\u00e7ant dans l\u2019aventure, on avait la m\u00eame exigence pour distribuer l\u2019information\u00a0\u00bb, insiste le journaliste. Et pour preuve, les <em>stories<\/em> sont soumises aux m\u00eames contr\u00f4les qu\u2019un article traditionnel. Avant d\u2019\u00eatre publi\u00e9, la vid\u00e9o est relue environ trois fois. \u00ab\u00a0La qualit\u00e9 d\u2019information est la m\u00eame, sur une offre plus visuelle\u00a0\u00bb pr\u00e9cise Olivier Laffargue. \u00a0Afin de tester la valeur journalistique de ce nouveau type de format, un journaliste, Bill Adair, s\u2019est \u00ab\u00a0nourri\u00a0\u00bb de <em>stories <\/em>pendant une semaine. Bill Adair est professeur de journalisme politique et cr\u00e9ateur de<em> Politifact<\/em> en 2007. Il a publi\u00e9 les r\u00e9sultats de son exp\u00e9rience dans un article publi\u00e9 en juin 2016\u00a0: \u00ab\u00a0<a href=\"http:\/\/www.niemanlab.org\/2016\/06\/what-happens-when-a-50-something-journalist-gets-a-weeks-worth-of-news-from-snapchat-discover\/\">What happens when a 50-something journalist gets a week\u2019s worth of news from Snapchat Discover ?<\/a>\u00a0\u00bb Il exprime sa surprise face \u00e0 ces vid\u00e9os informatives. Selon lui, informations s\u00e9rieuses et plus l\u00e9g\u00e8res se compl\u00e8tent, et il estime ne pas \u00eatre pass\u00e9 \u00e0 c\u00f4t\u00e9 de sujets importants. Il pose toutefois une question\u00a0: quid de la visibilit\u00e9 de ces formats ? Depuis la <a href=\"https:\/\/www.huffingtonpost.fr\/2018\/02\/07\/la-derniere-mise-a-jour-de-snapchat-debarque-sur-les-ecrans-et-fache-les-utilisateurs_a_23355044\/\">mise \u00e0 jour Snapchat<\/a> en f\u00e9vrier 2018, les <em>stories<\/em> des m\u00e9dias sont disponibles dans l\u2019onglet droit de l\u2019application. Probl\u00e8me\u00a0: elles sont noy\u00e9es dans les publications des personnalit\u00e9s publiques, comme celles de Nabilla, ancienne candidate de t\u00e9l\u00e9-r\u00e9alit\u00e9. Par ailleurs, ce r\u00e9seau social est de plus en plus d\u00e9laiss\u00e9, et concurrenc\u00e9 par Instagram, qui gagne du terrain.<\/p>\n<p><strong>Raconter une histoire <\/strong><\/p>\n<p>Le nom parle de lui-m\u00eame, ces <em>stories <\/em>racontent aux lecteurs une histoire en image. Lors des Assises du journalisme de Tours, Aur\u00e9lien Viers, journaliste pour <em>l\u2019Obs<\/em>, explique que ce type de format est tr\u00e8s prometteur et touche un public cible\u00a0: les <em>millenials<\/em>. Surtout, gr\u00e2ce \u00e0 ces nouvelles vid\u00e9os, le lecteur se transforme en acteur. En effet, ce dernier peut d\u00e9cider de consulter la <em>story<\/em> comme il le souhaite\u00a0: aller d\u2019avant en arri\u00e8re, regarder avec ou sans son, etc. Le plus difficile dans ce type de format est donc de tenir le lecteur jusqu\u2019\u00e0 la fin. Via ces applications, les m\u00e9dias ont acc\u00e8s \u00e0 un nombre pr\u00e9cis de statistiques qui permet de savoir combien de personnes regardent les stories, image par image. Aur\u00e9lien Viers r\u00e9v\u00e8le d\u2019ailleurs que le taux de perdition est tr\u00e8s important. Autrement dit, les stories qui sont jug\u00e9es trop longues ne sont pas lues jusqu\u2019\u00e0 la fin. \u00ab\u00a0Ce format induit un c\u00f4t\u00e9 zapping\u00a0\u00bb, pr\u00e9cise le journaliste.<\/p>\n<p><strong>Des stories \u00e9ph\u00e9m\u00e8res <\/strong><\/p>\n<p>Pour le moment, ces formats ne sont disponibles que 24h sur les r\u00e9seaux sociaux. Pour Aur\u00e9lien Viers, cet aspect \u00e9ph\u00e9m\u00e8re n\u2019est pourtant pas un probl\u00e8me. \u00ab Le journalisme a toujours eu ce caract\u00e8re \u00e9ph\u00e9m\u00e8re, indique-t-il. \u00ab\u00a0Il est tr\u00e8s rare qu\u2019une personne consulte deux fois le m\u00eame contenu, que ce soit en t\u00e9l\u00e9vision ou en radio\u00a0\u00bb. Cette contrainte, <em>Le Figaro<\/em> a d\u00e9cid\u00e9 de la d\u00e9jouer. Le m\u00e9dia a en effet fait le choix de d\u00e9velopper les <em>stories <\/em>au sein de son application, et de les archiver. Mais finalement, comme le souligne Olivier Laffargue, ce format permet de r\u00e9pondre au principe de l\u2019actualit\u00e9 chaude. Aujourd\u2019hui, ce ph\u00e9nom\u00e8ne soul\u00e8ve la question du long terme. Ce type de format est-il apte \u00e0 devenir p\u00e9renne\u00a0? D\u2019apr\u00e8s Chlo\u00e9 Woitier, \u00ab\u00a0ce mod\u00e8le reste encore trop instable \u00bb. \u00ab\u00a0Les investissements se font pas \u00e0 pas\u00a0\u00bb, conc\u00e8de-t-elle. La journaliste m\u00e9dia s\u2019interroge\u00a0sur cet \u00ab\u00a0effet de mode\u00a0\u00bb. Pour Nicole Triouleyre, c\u2019est la r\u00e8gle du jeu du web : savoir inventer et innover en permanence.<\/p>\n<p>[\/et_pb_text][\/et_pb_column][\/et_pb_row][\/et_pb_section]<\/p>\n","protected":false},"excerpt":{"rendered":"<p>[et_pb_section bb_built=\u00a0\u00bb1&Prime;][et_pb_row][et_pb_column type=\u00a0\u00bb4_4&Prime;][et_pb_post_title _builder_version=\u00a0\u00bb3.0.75&Prime; title=\u00a0\u00bbon\u00a0\u00bb meta=\u00a0\u00bbon\u00a0\u00bb author=\u00a0\u00bboff\u00a0\u00bb date=\u00a0\u00bbon\u00a0\u00bb categories=\u00a0\u00bbon\u00a0\u00bb comments=\u00a0\u00bbon\u00a0\u00bb featured_image=\u00a0\u00bboff\u00a0\u00bb featured_placement=\u00a0\u00bbbelow\u00a0\u00bb text_color=\u00a0\u00bbdark\u00a0\u00bb text_background=\u00a0\u00bboff\u00a0\u00bb border_style=\u00a0\u00bbsolid\u00a0\u00bb text_orientation=\u00a0\u00bbcenter\u00a0\u00bb title_font=\u00a0\u00bb||||\u00a0\u00bb title_text_color=\u00a0\u00bbrgba(0,0,0,0.91)\u00a0\u00bb \/][et_pb_text _builder_version=\u00a0\u00bb3.0.75&Prime; background_layout=\u00a0\u00bblight\u00a0\u00bb border_style=\u00a0\u00bbsolid\u00a0\u00bb text_font_size=\u00a0\u00bb18&Prime; custom_margin=\u00a0\u00bb|10px||50px\u00a0\u00bb custom_padding=\u00a0\u00bb|10px||50px\u00a0\u00bb \/][et_pb_team_member _builder_version=\u00a0\u00bb3.0.75&Prime; background_layout=\u00a0\u00bblight\u00a0\u00bb text_orientation=\u00a0\u00bbcenter\u00a0\u00bb border_style=\u00a0\u00bbsolid\u00a0\u00bb twitter_url=\u00a0\u00bbhttps:\/\/twitter.com\/potentierphili?lang=fr\u00a0\u00bb name=\u00a0\u00bbPhilippine Potentier \u00a0\u00bb \/][\/et_pb_column][\/et_pb_row][et_pb_row][et_pb_column type=\u00a0\u00bb4_4&Prime;][et_pb_image _builder_version=\u00a0\u00bb3.0.75&Prime; show_in_lightbox=\u00a0\u00bboff\u00a0\u00bb url_new_window=\u00a0\u00bboff\u00a0\u00bb use_overlay=\u00a0\u00bboff\u00a0\u00bb always_center_on_mobile=\u00a0\u00bbon\u00a0\u00bb border_style=\u00a0\u00bbsolid\u00a0\u00bb force_fullwidth=\u00a0\u00bboff\u00a0\u00bb show_bottom_space=\u00a0\u00bbon\u00a0\u00bb align=\u00a0\u00bbcenter\u00a0\u00bb max_width=\u00a0\u00bb70%\u00a0\u00bb \/][et_pb_text _builder_version=\u00a0\u00bb3.0.75&Prime; background_layout=\u00a0\u00bblight\u00a0\u00bb border_style=\u00a0\u00bbsolid\u00a0\u00bb text_font_size=\u00a0\u00bb16&Prime; custom_margin=\u00a0\u00bb|10px||50px\u00a0\u00bb custom_padding=\u00a0\u00bb|10px||50px\u00a0\u00bb] Depuis deux [&hellip;]<\/p>\n","protected":false},"author":30,"featured_media":1670,"comment_status":"open","ping_status":"open","sticky":false,"template":"","format":"standard","meta":[],"categories":[3,23],"tags":[251,150,27,216,25,62],"_links":{"self":[{"href":"http:\/\/journalismes-info.ejdg.fr\/index.php\/wp-json\/wp\/v2\/posts\/1668"}],"collection":[{"href":"http:\/\/journalismes-info.ejdg.fr\/index.php\/wp-json\/wp\/v2\/posts"}],"about":[{"href":"http:\/\/journalismes-info.ejdg.fr\/index.php\/wp-json\/wp\/v2\/types\/post"}],"author":[{"embeddable":true,"href":"http:\/\/journalismes-info.ejdg.fr\/index.php\/wp-json\/wp\/v2\/users\/30"}],"replies":[{"embeddable":true,"href":"http:\/\/journalismes-info.ejdg.fr\/index.php\/wp-json\/wp\/v2\/comments?post=1668"}],"version-history":[{"count":6,"href":"http:\/\/journalismes-info.ejdg.fr\/index.php\/wp-json\/wp\/v2\/posts\/1668\/revisions"}],"predecessor-version":[{"id":1730,"href":"http:\/\/journalismes-info.ejdg.fr\/index.php\/wp-json\/wp\/v2\/posts\/1668\/revisions\/1730"}],"wp:featuredmedia":[{"embeddable":true,"href":"http:\/\/journalismes-info.ejdg.fr\/index.php\/wp-json\/wp\/v2\/media\/1670"}],"wp:attachment":[{"href":"http:\/\/journalismes-info.ejdg.fr\/index.php\/wp-json\/wp\/v2\/media?parent=1668"}],"wp:term":[{"taxonomy":"category","embeddable":true,"href":"http:\/\/journalismes-info.ejdg.fr\/index.php\/wp-json\/wp\/v2\/categories?post=1668"},{"taxonomy":"post_tag","embeddable":true,"href":"http:\/\/journalismes-info.ejdg.fr\/index.php\/wp-json\/wp\/v2\/tags?post=1668"}],"curies":[{"name":"wp","href":"https:\/\/api.w.org\/{rel}","templated":true}]}}