{"id":1642,"date":"2018-03-15T17:19:18","date_gmt":"2018-03-15T16:19:18","guid":{"rendered":"http:\/\/journalismes-info.ejdg.fr\/?p=1642"},"modified":"2018-03-16T11:42:05","modified_gmt":"2018-03-16T10:42:05","slug":"internet-sauveur-des-medias-corses","status":"publish","type":"post","link":"http:\/\/journalismes-info.ejdg.fr\/index.php\/2018\/03\/15\/internet-sauveur-des-medias-corses\/","title":{"rendered":"Internet, sauveur des m\u00e9dias corses ?"},"content":{"rendered":"<p>[et_pb_section bb_built=\u00a0\u00bb1&Prime;][et_pb_row][et_pb_column type=\u00a0\u00bb4_4&Prime;][et_pb_post_title _builder_version=\u00a0\u00bb3.0.75&Prime; title=\u00a0\u00bbon\u00a0\u00bb meta=\u00a0\u00bbon\u00a0\u00bb author=\u00a0\u00bboff\u00a0\u00bb date=\u00a0\u00bbon\u00a0\u00bb categories=\u00a0\u00bbon\u00a0\u00bb comments=\u00a0\u00bbon\u00a0\u00bb featured_image=\u00a0\u00bboff\u00a0\u00bb featured_placement=\u00a0\u00bbbelow\u00a0\u00bb text_color=\u00a0\u00bbdark\u00a0\u00bb text_background=\u00a0\u00bboff\u00a0\u00bb border_style=\u00a0\u00bbsolid\u00a0\u00bb text_orientation=\u00a0\u00bbcenter\u00a0\u00bb title_font=\u00a0\u00bb||||\u00a0\u00bb title_text_color=\u00a0\u00bbrgba(0,0,0,0.91)\u00a0\u00bb \/][et_pb_team_member _builder_version=\u00a0\u00bb3.0.75&Prime; background_layout=\u00a0\u00bblight\u00a0\u00bb text_orientation=\u00a0\u00bbcenter\u00a0\u00bb border_style=\u00a0\u00bbsolid\u00a0\u00bb name=\u00a0\u00bbXavier Ponroy\u00a0\u00bb twitter_url=\u00a0\u00bbhttps:\/\/twitter.com\/Xavier_Ponroy?lang=fr\u00a0\u00bb \/][et_pb_text _builder_version=\u00a0\u00bb3.0.75&Prime; background_layout=\u00a0\u00bblight\u00a0\u00bb border_style=\u00a0\u00bbsolid\u00a0\u00bb text_font_size=\u00a0\u00bb18&Prime; custom_margin=\u00a0\u00bb|10px||50px\u00a0\u00bb custom_padding=\u00a0\u00bb|10px||50px\u00a0\u00bb]<\/p>\n<p>Alors qu&rsquo;ils connaissent une certaine crise, comme nombre de titres de presse, les m\u00e9dias corses peuvent compter sur leurs r\u00e9seaux sociaux et leurs sites web pour atteindre la diaspora corse, important r\u00e9servoir d&rsquo;audience.<\/p>\n<p>[\/et_pb_text][\/et_pb_column][\/et_pb_row][et_pb_row][et_pb_column type=\u00a0\u00bb4_4&Prime;][et_pb_image _builder_version=\u00a0\u00bb3.0.75&Prime; show_in_lightbox=\u00a0\u00bboff\u00a0\u00bb url_new_window=\u00a0\u00bboff\u00a0\u00bb use_overlay=\u00a0\u00bboff\u00a0\u00bb always_center_on_mobile=\u00a0\u00bbon\u00a0\u00bb border_style=\u00a0\u00bbsolid\u00a0\u00bb force_fullwidth=\u00a0\u00bboff\u00a0\u00bb show_bottom_space=\u00a0\u00bbon\u00a0\u00bb align=\u00a0\u00bbcenter\u00a0\u00bb max_width=\u00a0\u00bb70%\u00a0\u00bb \/][et_pb_text _builder_version=\u00a0\u00bb3.0.75&Prime; background_layout=\u00a0\u00bblight\u00a0\u00bb border_style=\u00a0\u00bbsolid\u00a0\u00bb text_font_size=\u00a0\u00bb16&Prime; custom_margin=\u00a0\u00bb|10px||50px\u00a0\u00bb custom_padding=\u00a0\u00bb|10px||50px\u00a0\u00bb]<\/p>\n<p>C&rsquo;est un constat sur lequel s&rsquo;accordent la totalit\u00e9 des m\u00e9dias locaux corses : les habitants de l&rsquo;\u00eele de beaut\u00e9 aiment s&rsquo;informer. \u00ab\u00a0Les m\u00e9dias traditionnels (radios, t\u00e9l\u00e9vision, presse \u00e9crite) sont des institutions en Corse. Ce n&rsquo;est peut-\u00eatre pas le cas ailleurs\u00a0\u00bb d\u00e9taille Michelle Castellani, r\u00e9dactrice en chef de <em>Radio Corse Frequenza Mora<\/em>. Cette antenne locale de France Bleu est d&rsquo;ailleurs la plus \u00e9cout\u00e9e du r\u00e9seau r\u00e9gional de Radio France, en proportion de population atteinte. Les chiffres de diffusion de <em>Corse-Matin<\/em> confirment l&rsquo;int\u00e9r\u00eat que portent les Corses \u00e0 leurs m\u00e9dias. Le quotidien est en effet le titre de Presse Quotidienne R\u00e9gionale (PQR) qui conna\u00eet la plus faible d\u00e9croissance de sa diffusion. En 2017, celle-ci n&rsquo;a baiss\u00e9 que 0,63%, l\u00e0 o\u00f9 d&rsquo;autres titres de PQR comme <em>Midi Libre<\/em> (-3,95%) ou <em>Nice-Matin<\/em> (-4,89%) subissent de plein fouet la crise qui touche la presse \u00e9crite*.<\/p>\n<p><strong>Un nouveau venu sur le Web<\/strong><\/p>\n<p>Pour autant, les m\u00e9dias locaux corses sont confront\u00e9s aux m\u00eames probl\u00e9matiques que leurs confr\u00e8res du continent, \u00e0 savoir un bouleversement caus\u00e9 par l&rsquo;arriv\u00e9e de l&rsquo;information sur Internet et le d\u00e9veloppement des r\u00e9seaux sociaux. Un <em>pure player<\/em> est venu grignoter le terrain des radios, journaux et t\u00e9l\u00e9visions : <em>Corse Net Info<\/em>. Pas n\u00e9cessairement une mauvaise nouvelle pour Michelle Castellani : \u00ab\u00a0La Corse est une \u00eele, on y vit un peu dans l&rsquo;enfermement. Quand de nouveaux m\u00e9dias \u00e9mergent, on ouvre les portes et on prend de l&rsquo;air !\u00a0\u00bb. Lanc\u00e9 en 2011, le site Internet a r\u00e9uni cinq millions de visiteurs et 32 millions de pages vues en 2017. Il totalise plus de 70 000 abonn\u00e9s sur les r\u00e9seaux sociaux. Pour rappel, la population corse est estim\u00e9e \u00e0 327 000 habitants.<\/p>\n<p><strong>L&rsquo;apport de la diaspora corse via Internet<\/strong><\/p>\n<p>A l&rsquo;instar d&rsquo;autres r\u00e9gions, la population de l&rsquo;\u00eele est limit\u00e9e, et avec elle son audience potentielle. Mais la Corse dispose d&rsquo;une richesse certaine : sa diaspora. Il n&rsquo;existe \u00e9videmment pas de chiffres officiels du nombre de Corses diss\u00e9min\u00e9s de par le monde, mais dans un article publi\u00e9 en ao\u00fbt 2017 concernant la diaspora et intitul\u00e9 \u00ab\u00a0Une histoire de famille compliqu\u00e9e\u00a0\u00bb, <em>Corse-Matin<\/em> avan\u00e7ait le chiffre de \u00ab\u00a0deux millions d&rsquo;insulaires dispers\u00e9s \u00e0 travers le monde\u00a0\u00bb. Autant de cibles potentielles pour les m\u00e9dias locaux, qui essaient de les atteindre via le web et les r\u00e9seaux sociaux.<\/p>\n<p>M\u00e9dia 100% Web, <em>Corse Net Info<\/em> est l&rsquo;un des principaux relais de l&rsquo;actualit\u00e9 corse, y compris hors de l&rsquo;\u00eele. <em>\u00ab\u00a0Nous avons entre 50 000 et 60 000 visites par jour sur notre site, mais l&rsquo;on peut exploser lors des gros \u00e9v\u00e8nements. Paris est la troisi\u00e8me ville dans laquelle nous sommes le plus lus, apr\u00e8s Bastia et Ajaccio. Nous avons m\u00eame 30 lecteurs \u00e0 New York et six en Chine !\u00a0\u00bb<\/em> s&rsquo;amuse Nicole Mari, chef du service politique-\u00e9conomie sur le pure player corse. Lequel poss\u00e8de d&rsquo;ailleurs un onglet sp\u00e9cial \u00ab\u00a0Diaspora\u00a0\u00bb. <em>Corse-Matin, <\/em>lui aussi, compte bien puiser dans ce r\u00e9servoir. \u00ab\u00a0Nous savons qu&rsquo;il y a un public ailleurs. Nous avons constat\u00e9 un boom des abonnements num\u00e9riques, tr\u00e8s probablement d\u00fb aux lecteurs non situ\u00e9s sur l&rsquo;\u00eele\u00a0\u00bb, pr\u00e9cise Fabrice Laurent, journaliste du quotidien, qui demeure le premier m\u00e9dia num\u00e9rique de Corse.<\/p>\n<p>[\/et_pb_text][et_pb_code _builder_version=\u00a0\u00bb3.0.75&Prime;]&lt;blockquote class=\u00a0\u00bbtwitter-tweet\u00a0\u00bb data-lang=\u00a0\u00bbfr\u00a0\u00bb&gt;&lt;p lang=\u00a0\u00bbfr\u00a0\u00bb dir=\u00a0\u00bbltr\u00a0\u00bb&gt;En 2017, Corse-Matin est une nouvelle fois le premier &lt;a href=\u00a0\u00bbhttps:\/\/twitter.com\/hashtag\/m%C3%A9dia?src=hash&amp;ref_src=twsrc%5Etfw\u00a0\u00bb&gt;#m\u00e9dia&lt;\/a&gt; &lt;a href=\u00a0\u00bbhttps:\/\/twitter.com\/hashtag\/num%C3%A9rique?src=hash&amp;ref_src=twsrc%5Etfw\u00a0\u00bb&gt;#num\u00e9rique&lt;\/a&gt; de &lt;a href=\u00a0\u00bbhttps:\/\/twitter.com\/hashtag\/Corse?src=hash&amp;ref_src=twsrc%5Etfw\u00a0\u00bb&gt;#Corse&lt;\/a&gt; &lt;a href=\u00a0\u00bbhttps:\/\/twitter.com\/hashtag\/presse?src=hash&amp;ref_src=twsrc%5Etfw\u00a0\u00bb&gt;#presse&lt;\/a&gt; &lt;a href=\u00a0\u00bbhttps:\/\/twitter.com\/hashtag\/PQR?src=hash&amp;ref_src=twsrc%5Etfw\u00a0\u00bb&gt;#PQR&lt;\/a&gt; &lt;a href=\u00a0\u00bbhttps:\/\/twitter.com\/hashtag\/news?src=hash&amp;ref_src=twsrc%5Etfw\u00a0\u00bb&gt;#news&lt;\/a&gt;&lt;br&gt;Merci \u00e0 tous pour votre fid\u00e9lit\u00e9 ! &lt;br&gt;Source : Xiti ATInternet &lt;a href=\u00a0\u00bbhttps:\/\/t.co\/XQ8B34ZPmc\u00a0\u00bb&gt;pic.twitter.com\/XQ8B34ZPmc&lt;\/a&gt;&lt;\/p&gt;\u2014 Corse-Matin ???? (@Corse_Matin) &lt;a href=\u00a0\u00bbhttps:\/\/twitter.com\/Corse_Matin\/status\/974282783286874112?ref_src=twsrc%5Etfw\u00a0\u00bb&gt;15 mars 2018&lt;\/a&gt;&lt;\/blockquote&gt; &lt;script async src=\u00a0\u00bbhttps:\/\/platform.twitter.com\/widgets.js\u00a0\u00bb charset=\u00a0\u00bbutf-8&Prime;&gt;&lt;\/script&gt; &lt;!&#8211; [et_pb_line_break_holder] &#8211;&gt;[\/et_pb_code][et_pb_text _builder_version=\u00a0\u00bb3.0.75&Prime; background_layout=\u00a0\u00bblight\u00a0\u00bb border_style=\u00a0\u00bbsolid\u00a0\u00bb]<\/p>\n<p>Internet est \u00e9videmment l&rsquo;outil id\u00e9al pour atteindre cette importante diaspora. Mais il n&rsquo;existe pas de recettes particuli\u00e8res pour l&rsquo;attirer. Pour la simple et bonne raison que la communaut\u00e9 corse implant\u00e9e sur le continent ou \u00e0 l&rsquo;\u00e9tranger n&rsquo;est pas diff\u00e9rente de l&rsquo;insulaire : elle est particuli\u00e8rement attach\u00e9e au territoire. <em>\u00ab\u00a0Les lecteurs qui ne r\u00e9sident pas en Corse sont tr\u00e8s avides d&rsquo;informations locales sur l&rsquo;\u00eele, et ils sont tr\u00e8s r\u00e9actifs, <\/em>confie Nicole Mari. <em>Sur certains articles, on sait que les partages, les commentaires ou autres proviennent de lecteurs du continent ou d&rsquo;ailleurs\u00a0\u00bb.<\/em> Pour les m\u00e9dias locaux corses, la cl\u00e9 du succ\u00e8s pourrait finalement\u00a0 se situer au-del\u00e0 des fronti\u00e8res de l&rsquo;\u00eele.<\/p>\n<p>&nbsp;<\/p>\n<p>&nbsp;<\/p>\n<p>*Chiffres issus du <a href=\"http:\/\/www.acpm.fr\/Chiffres\/Diffusion\/La-Presse-Payante\/Presse-Quotidienne-Regionale\"><strong>classement de diffusion de la presse quotidienne r\u00e9gionale 2017 <\/strong><\/a>de l&rsquo;Alliance pour les Chiffres de la Presse et des M\u00e9dias<\/p>\n<p>[\/et_pb_text][\/et_pb_column][\/et_pb_row][\/et_pb_section]<\/p>\n","protected":false},"excerpt":{"rendered":"<p>[et_pb_section bb_built=\u00a0\u00bb1&Prime;][et_pb_row][et_pb_column type=\u00a0\u00bb4_4&Prime;][et_pb_post_title _builder_version=\u00a0\u00bb3.0.75&Prime; title=\u00a0\u00bbon\u00a0\u00bb meta=\u00a0\u00bbon\u00a0\u00bb author=\u00a0\u00bboff\u00a0\u00bb date=\u00a0\u00bbon\u00a0\u00bb categories=\u00a0\u00bbon\u00a0\u00bb comments=\u00a0\u00bbon\u00a0\u00bb featured_image=\u00a0\u00bboff\u00a0\u00bb featured_placement=\u00a0\u00bbbelow\u00a0\u00bb text_color=\u00a0\u00bbdark\u00a0\u00bb text_background=\u00a0\u00bboff\u00a0\u00bb border_style=\u00a0\u00bbsolid\u00a0\u00bb text_orientation=\u00a0\u00bbcenter\u00a0\u00bb title_font=\u00a0\u00bb||||\u00a0\u00bb title_text_color=\u00a0\u00bbrgba(0,0,0,0.91)\u00a0\u00bb \/][et_pb_team_member _builder_version=\u00a0\u00bb3.0.75&Prime; background_layout=\u00a0\u00bblight\u00a0\u00bb text_orientation=\u00a0\u00bbcenter\u00a0\u00bb border_style=\u00a0\u00bbsolid\u00a0\u00bb name=\u00a0\u00bbXavier Ponroy\u00a0\u00bb twitter_url=\u00a0\u00bbhttps:\/\/twitter.com\/Xavier_Ponroy?lang=fr\u00a0\u00bb \/][et_pb_text _builder_version=\u00a0\u00bb3.0.75&Prime; background_layout=\u00a0\u00bblight\u00a0\u00bb border_style=\u00a0\u00bbsolid\u00a0\u00bb text_font_size=\u00a0\u00bb18&Prime; custom_margin=\u00a0\u00bb|10px||50px\u00a0\u00bb custom_padding=\u00a0\u00bb|10px||50px\u00a0\u00bb] Alors qu&rsquo;ils connaissent une certaine crise, comme nombre de titres de presse, les m\u00e9dias corses peuvent compter sur leurs r\u00e9seaux sociaux et [&hellip;]<\/p>\n","protected":false},"author":29,"featured_media":1647,"comment_status":"open","ping_status":"open","sticky":false,"template":"","format":"standard","meta":[],"categories":[3,23],"tags":[271,277,85,43,33],"_links":{"self":[{"href":"http:\/\/journalismes-info.ejdg.fr\/index.php\/wp-json\/wp\/v2\/posts\/1642"}],"collection":[{"href":"http:\/\/journalismes-info.ejdg.fr\/index.php\/wp-json\/wp\/v2\/posts"}],"about":[{"href":"http:\/\/journalismes-info.ejdg.fr\/index.php\/wp-json\/wp\/v2\/types\/post"}],"author":[{"embeddable":true,"href":"http:\/\/journalismes-info.ejdg.fr\/index.php\/wp-json\/wp\/v2\/users\/29"}],"replies":[{"embeddable":true,"href":"http:\/\/journalismes-info.ejdg.fr\/index.php\/wp-json\/wp\/v2\/comments?post=1642"}],"version-history":[{"count":6,"href":"http:\/\/journalismes-info.ejdg.fr\/index.php\/wp-json\/wp\/v2\/posts\/1642\/revisions"}],"predecessor-version":[{"id":1662,"href":"http:\/\/journalismes-info.ejdg.fr\/index.php\/wp-json\/wp\/v2\/posts\/1642\/revisions\/1662"}],"wp:featuredmedia":[{"embeddable":true,"href":"http:\/\/journalismes-info.ejdg.fr\/index.php\/wp-json\/wp\/v2\/media\/1647"}],"wp:attachment":[{"href":"http:\/\/journalismes-info.ejdg.fr\/index.php\/wp-json\/wp\/v2\/media?parent=1642"}],"wp:term":[{"taxonomy":"category","embeddable":true,"href":"http:\/\/journalismes-info.ejdg.fr\/index.php\/wp-json\/wp\/v2\/categories?post=1642"},{"taxonomy":"post_tag","embeddable":true,"href":"http:\/\/journalismes-info.ejdg.fr\/index.php\/wp-json\/wp\/v2\/tags?post=1642"}],"curies":[{"name":"wp","href":"https:\/\/api.w.org\/{rel}","templated":true}]}}