{"id":1638,"date":"2018-03-15T16:06:48","date_gmt":"2018-03-15T15:06:48","guid":{"rendered":"http:\/\/journalismes-info.ejdg.fr\/?p=1638"},"modified":"2018-03-16T11:41:53","modified_gmt":"2018-03-16T10:41:53","slug":"les-croissants-la-premiere-matinale-intelligente-a-porte-de-main","status":"publish","type":"post","link":"http:\/\/journalismes-info.ejdg.fr\/index.php\/2018\/03\/15\/les-croissants-la-premiere-matinale-intelligente-a-porte-de-main\/","title":{"rendered":"Les Croissants : la premi\u00e8re matinale intelligente \u00e0 port\u00e9 de main"},"content":{"rendered":"<p>[et_pb_section bb_built=\u00a0\u00bb1&Prime;][et_pb_row][et_pb_column type=\u00a0\u00bb4_4&Prime;][et_pb_post_title _builder_version=\u00a0\u00bb3.0.75&Prime; title=\u00a0\u00bbon\u00a0\u00bb meta=\u00a0\u00bbon\u00a0\u00bb author=\u00a0\u00bboff\u00a0\u00bb date=\u00a0\u00bbon\u00a0\u00bb categories=\u00a0\u00bbon\u00a0\u00bb comments=\u00a0\u00bbon\u00a0\u00bb featured_image=\u00a0\u00bboff\u00a0\u00bb featured_placement=\u00a0\u00bbbelow\u00a0\u00bb text_color=\u00a0\u00bbdark\u00a0\u00bb text_background=\u00a0\u00bboff\u00a0\u00bb border_style=\u00a0\u00bbsolid\u00a0\u00bb text_orientation=\u00a0\u00bbcenter\u00a0\u00bb title_font=\u00a0\u00bb||||\u00a0\u00bb title_text_color=\u00a0\u00bbrgba(0,0,0,0.91)\u00a0\u00bb \/][et_pb_team_member _builder_version=\u00a0\u00bb3.0.75&Prime; background_layout=\u00a0\u00bblight\u00a0\u00bb text_orientation=\u00a0\u00bbcenter\u00a0\u00bb border_style=\u00a0\u00bbsolid\u00a0\u00bb name=\u00a0\u00bbJuliana Metheyer\u00a0\u00bb twitter_url=\u00a0\u00bbhttps:\/\/twitter.com\/JMetheyer\u00a0\u00bb \/][et_pb_text _builder_version=\u00a0\u00bb3.0.75&Prime; background_layout=\u00a0\u00bblight\u00a0\u00bb border_style=\u00a0\u00bbsolid\u00a0\u00bb text_font_size=\u00a0\u00bb18&Prime; custom_margin=\u00a0\u00bb|10px||50px\u00a0\u00bb custom_padding=\u00a0\u00bb|10px||50px\u00a0\u00bb text_orientation=\u00a0\u00bbjustified\u00a0\u00bb module_alignment=\u00a0\u00bbjustified\u00a0\u00bb]<\/p>\n<p><i><span style=\"font-weight: 400\">\u00ab\u00a0Reprenez le contr\u00f4le du matin. \u00c9coutez la premi\u00e8re matinale radio intelligente\u00a0\u00bb, telle est la devise de la nouvelle application sortie le 8 janvier : <a href=\"https:\/\/www.lescroissants.fr\" target=\"_blank\" rel=\"noopener\">Les Croissants<\/a>.\u00a0<\/span><\/i><i><span style=\"font-weight: 400\">A l\u2019heure o\u00f9 les podcasts connaissent un regain d\u2019int\u00e9r\u00eat, cette start-up propose une matinale de 20 minutes dont les sujets sont adapt\u00e9s aux go\u00fbts de l\u2019auditeur.\u00a0<\/span><\/i><i><span style=\"font-weight: 400\">A l\u2019occasion des <a href=\"https:\/\/www.journalisme.com\/les-assises-2018\/\" target=\"_blank\" rel=\"noopener\">Assises du Journalisme de Tours<\/a>, Stanislas Signoud, ing\u00e9nieur et fondateur des Croissants, a accept\u00e9 de r\u00e9pondre \u00e0 nos questions. <\/span><\/i><\/p>\n<p>[\/et_pb_text][\/et_pb_column][\/et_pb_row][et_pb_row][et_pb_column type=\u00a0\u00bb4_4&Prime;][et_pb_image _builder_version=\u00a0\u00bb3.0.75&Prime; show_in_lightbox=\u00a0\u00bboff\u00a0\u00bb url_new_window=\u00a0\u00bboff\u00a0\u00bb use_overlay=\u00a0\u00bboff\u00a0\u00bb always_center_on_mobile=\u00a0\u00bbon\u00a0\u00bb border_style=\u00a0\u00bbsolid\u00a0\u00bb force_fullwidth=\u00a0\u00bboff\u00a0\u00bb show_bottom_space=\u00a0\u00bbon\u00a0\u00bb align=\u00a0\u00bbcenter\u00a0\u00bb max_width=\u00a0\u00bb70%\u00a0\u00bb src=\u00a0\u00bbhttp:\/\/journalismes-info.ejdg.fr\/wp-content\/uploads\/2018\/03\/29213996_10216105283807597_2993958729231106048_o.jpg\u00a0\u00bb alt=\u00a0\u00bbStanislas Signoud, fondateur des Croissants\u00a0\u00bb \/][et_pb_text _builder_version=\u00a0\u00bb3.0.75&Prime; background_layout=\u00a0\u00bblight\u00a0\u00bb border_style=\u00a0\u00bbsolid\u00a0\u00bb text_font_size=\u00a0\u00bb16&Prime; custom_margin=\u00a0\u00bb|10px||50px\u00a0\u00bb custom_padding=\u00a0\u00bb|10px||50px\u00a0\u00bb text_orientation=\u00a0\u00bbjustified\u00a0\u00bb]<\/p>\n<p><em>Stanislas Signoud, fondateur des Croissants.<\/em><\/p>\n<h4><\/h4>\n<h4><b>Comment peut-on personnaliser notre matinale radio gr\u00e2ce \u00e0 cette application?<\/b><\/h4>\n<p><span style=\"font-weight: 400\">Le principe est simple: nous vous proposons 30 th\u00e8mes et vous choisissez ce qui vous int\u00e9resse. Chaque jour une \u00e9mission vous est propos\u00e9e et vous devez indiquer si vous avez aim\u00e9 ou non, cela permet par la suite d\u2019affiner au fur et \u00e0 mesure les contenus que l\u2019on vous propose. <\/span><span style=\"font-weight: 400\"><em>Les Croissants<\/em> dispose d\u2019un journal, une m\u00e9t\u00e9o et deux chroniques sur des sujet plus magazine. Nous cherchons \u00e0 correspondre en terme d\u2019\u00e9coute, puisque les auditeurs disposent un temps de 20 minutes qui correspond aussi au temps moyen de trajet des Fran\u00e7ais.<\/span><\/p>\n<h4><b>Pourquoi avoir choisi une application mobile comme support ?<\/b><\/h4>\n<p><span style=\"font-weight: 400\">Nous nous sommes pos\u00e9 la question : pourquoi un auditeur nous choisirait plut\u00f4t qu\u2019une grande radio traditionnelle? Se lancer en tant qu\u2019application \u00e9tait donc une mani\u00e8re de se diff\u00e9rencier. L\u2019avantage d\u2019utiliser ce type de support \u00e9tait de r\u00e9colter des donn\u00e9es et de pouvoir affiner notre algorithme gr\u00e2ce aux \u00ab\u00a0j\u2019aime \u00ab\u00a0 ou \u00ab\u00a0je n\u2019aime pas\u00a0\u00bb. Cela nous permet aussi d\u2019envoyer une notification le matin,ce qui a un impact dans l\u2019engagement de nos utilisateurs. Pour ces derniers il est aussi important d\u2019avoir une bonne exp\u00e9rience d\u2019\u00e9coute. Au debut nous avions commenc\u00e9 sur le web, ce qui n\u2019\u00e9tait pas clair pour les utilisateurs. L\u2019application est donc un moyen d\u2019\u00eatre plus accessible \u00e0 tous.<\/span><\/p>\n<h4><b>Avec cette application mobile quelle tranche d\u2019\u00e2ge visez-vous?<\/b><\/h4>\n<p><span style=\"font-weight: 400\">Nous sommes une g\u00e9n\u00e9ration d\u00e9connect\u00e9e de la radio mais adepte des podcasts et des contenus d\u00e9-lin\u00e9ralis\u00e9s. Les matinales n\u2019ont pas tellement chang\u00e9 depuis les 30 derni\u00e8res ann\u00e9es et nous avions envie de secouer le milieu de la radio. C\u2019est pourquoi nous ciblons les 18-35 ans. Il s\u2019agit d\u2019une cible qui peut \u00eatre attir\u00e9e par notre volont\u00e9 d\u2019\u00eatre un m\u00e9dia avec peu de publicit\u00e9 et qui souhaite rester ind\u00e9pendant. Le but reste d\u2019utiliser cette tranche d\u2019\u00e2ge comme tremplin pour atteindre le grand public. Deux mois apr\u00e8s le lancement de notre m\u00e9dia nous avons d\u00e9j\u00e0 d\u00e9pass\u00e9 la barre des 1000 abonn\u00e9s.<\/span><\/p>\n<h4><b>En quoi consiste votre mod\u00e8le \u00e9conomique?<\/b><\/h4>\n<p><span style=\"font-weight: 400\">Notre mod\u00e8le \u00e9conomique se base surtout sur \u00ab\u00a0la passion des fondateurs\u00a0\u00bb (rires).\u00a0<\/span><span style=\"font-weight: 400\">En r\u00e9alit\u00e9 il d\u00e9pend de l\u2019abonnement qui permet \u00e0 moyen terme d\u2019envisager une rentabilit\u00e9 sur 12 mois. Nous sommes un m\u00e9dia sans publicit\u00e9 et qui se base sur un abonnement \u00e0 5,40 euros par mois ce qui reste relativement accessible. Ce qui nous permet de nous concentrer sur l\u2019auditeur qui est notre client et non l\u2019annonceur. Nous ne nous fermons aucune porte sur le long terme. Si un jour nous avons de la publicit\u00e9, l\u2019id\u00e9e serait d\u2019innover avec des techniques diff\u00e9rentes tout en respectant nos choix \u00e9ditoriaux. Par exemple, avoir une exp\u00e9rience \u00ab\u00a0Adwordesque\u00a0\u00bb, tant pour les auditeurs que pour les annonceurs avec des pubs discr\u00e8tes mais honn\u00eates. Et cibl\u00e9es via les informations que nous avons, les int\u00e9r\u00eats des utilisateurs. Mais \u00e7a n&rsquo;est au final pas \u00e0 l&rsquo;ordre du jour, puisque le march\u00e9 publicitaire de l&rsquo;audio n&rsquo;est pas suffisamment structur\u00e9 pour permettre \u00e0 un acteur comme le n\u00f4tre d&rsquo;apporter ce genre de propositions. <\/span><span style=\"font-weight: 400\">En ce qui concerne le financement technique, je m\u2019en occupe enti\u00e8rement.<\/span><\/p>\n<h4><b>Cr\u00e9er une matinale \u00e0 la carte n\u2019est-il pas aussi un risque de maintenir l\u2019auditeur dans sa bulle de filtre?<\/b><\/h4>\n<p><span style=\"font-weight: 400\">Le probl\u00e8me des bulles de filtres, c\u2019est lorsque les medias sont g\u00e9r\u00e9s uniquement par des ing\u00e9nieurs et des techniciens qui n\u2019ont pas forc\u00e9ment un point de vue editorial. Pour nous il \u00e9tait important de mettre notre r\u00e9dacteur en chef, Corentin Benoit-Gonin, au centre des r\u00e9flexions sur l\u2019algorithme. Lors de la cr\u00e9ation des croissants, on s\u2019est vite rendu compte que certains sujets devaient \u00eatre trait\u00e9s, m\u00eame si la personne n\u2019appr\u00e9cie pas le th\u00e8me. L\u2019algorithme a donc \u00e9t\u00e9 con\u00e7u de mani\u00e8re \u00e0 mettre au coeur l\u2019\u00e9ditorial par diff\u00e9rents m\u00e9canismes comme le mode al\u00e9atoire.<\/span><\/p>\n<p>[\/et_pb_text][\/et_pb_column][\/et_pb_row][\/et_pb_section]<\/p>\n","protected":false},"excerpt":{"rendered":"<p>[et_pb_section bb_built=\u00a0\u00bb1&Prime;][et_pb_row][et_pb_column type=\u00a0\u00bb4_4&Prime;][et_pb_post_title _builder_version=\u00a0\u00bb3.0.75&Prime; title=\u00a0\u00bbon\u00a0\u00bb meta=\u00a0\u00bbon\u00a0\u00bb author=\u00a0\u00bboff\u00a0\u00bb date=\u00a0\u00bbon\u00a0\u00bb categories=\u00a0\u00bbon\u00a0\u00bb comments=\u00a0\u00bbon\u00a0\u00bb featured_image=\u00a0\u00bboff\u00a0\u00bb featured_placement=\u00a0\u00bbbelow\u00a0\u00bb text_color=\u00a0\u00bbdark\u00a0\u00bb text_background=\u00a0\u00bboff\u00a0\u00bb border_style=\u00a0\u00bbsolid\u00a0\u00bb text_orientation=\u00a0\u00bbcenter\u00a0\u00bb title_font=\u00a0\u00bb||||\u00a0\u00bb title_text_color=\u00a0\u00bbrgba(0,0,0,0.91)\u00a0\u00bb \/][et_pb_team_member _builder_version=\u00a0\u00bb3.0.75&Prime; background_layout=\u00a0\u00bblight\u00a0\u00bb text_orientation=\u00a0\u00bbcenter\u00a0\u00bb border_style=\u00a0\u00bbsolid\u00a0\u00bb name=\u00a0\u00bbJuliana Metheyer\u00a0\u00bb twitter_url=\u00a0\u00bbhttps:\/\/twitter.com\/JMetheyer\u00a0\u00bb \/][et_pb_text _builder_version=\u00a0\u00bb3.0.75&Prime; background_layout=\u00a0\u00bblight\u00a0\u00bb border_style=\u00a0\u00bbsolid\u00a0\u00bb text_font_size=\u00a0\u00bb18&Prime; custom_margin=\u00a0\u00bb|10px||50px\u00a0\u00bb custom_padding=\u00a0\u00bb|10px||50px\u00a0\u00bb text_orientation=\u00a0\u00bbjustified\u00a0\u00bb module_alignment=\u00a0\u00bbjustified\u00a0\u00bb] \u00ab\u00a0Reprenez le contr\u00f4le du matin. \u00c9coutez la premi\u00e8re matinale radio intelligente\u00a0\u00bb, telle est la devise de la nouvelle application sortie [&hellip;]<\/p>\n","protected":false},"author":24,"featured_media":1640,"comment_status":"open","ping_status":"open","sticky":false,"template":"","format":"standard","meta":[],"categories":[3,23],"tags":[251,275,276,184,274,129,224],"_links":{"self":[{"href":"http:\/\/journalismes-info.ejdg.fr\/index.php\/wp-json\/wp\/v2\/posts\/1638"}],"collection":[{"href":"http:\/\/journalismes-info.ejdg.fr\/index.php\/wp-json\/wp\/v2\/posts"}],"about":[{"href":"http:\/\/journalismes-info.ejdg.fr\/index.php\/wp-json\/wp\/v2\/types\/post"}],"author":[{"embeddable":true,"href":"http:\/\/journalismes-info.ejdg.fr\/index.php\/wp-json\/wp\/v2\/users\/24"}],"replies":[{"embeddable":true,"href":"http:\/\/journalismes-info.ejdg.fr\/index.php\/wp-json\/wp\/v2\/comments?post=1638"}],"version-history":[{"count":7,"href":"http:\/\/journalismes-info.ejdg.fr\/index.php\/wp-json\/wp\/v2\/posts\/1638\/revisions"}],"predecessor-version":[{"id":1698,"href":"http:\/\/journalismes-info.ejdg.fr\/index.php\/wp-json\/wp\/v2\/posts\/1638\/revisions\/1698"}],"wp:featuredmedia":[{"embeddable":true,"href":"http:\/\/journalismes-info.ejdg.fr\/index.php\/wp-json\/wp\/v2\/media\/1640"}],"wp:attachment":[{"href":"http:\/\/journalismes-info.ejdg.fr\/index.php\/wp-json\/wp\/v2\/media?parent=1638"}],"wp:term":[{"taxonomy":"category","embeddable":true,"href":"http:\/\/journalismes-info.ejdg.fr\/index.php\/wp-json\/wp\/v2\/categories?post=1638"},{"taxonomy":"post_tag","embeddable":true,"href":"http:\/\/journalismes-info.ejdg.fr\/index.php\/wp-json\/wp\/v2\/tags?post=1638"}],"curies":[{"name":"wp","href":"https:\/\/api.w.org\/{rel}","templated":true}]}}