{"id":1212,"date":"2017-11-15T17:05:02","date_gmt":"2017-11-15T16:05:02","guid":{"rendered":"http:\/\/journalisme-info.ejdg.fr\/?p=1212"},"modified":"2018-03-12T17:07:38","modified_gmt":"2018-03-12T16:07:38","slug":"monkey-nouveau-media-100-reseaux-sociaux","status":"publish","type":"post","link":"http:\/\/journalismes-info.ejdg.fr\/index.php\/2017\/11\/15\/monkey-nouveau-media-100-reseaux-sociaux\/","title":{"rendered":"Monkey : nouveau m\u00e9dia 100% r\u00e9seaux sociaux"},"content":{"rendered":"<p>[et_pb_section bb_built=\u00a0\u00bb1&Prime;][et_pb_row][et_pb_column type=\u00a0\u00bb4_4&Prime;][et_pb_post_title _builder_version=\u00a0\u00bb3.0.75&Prime; title=\u00a0\u00bbon\u00a0\u00bb meta=\u00a0\u00bbon\u00a0\u00bb author=\u00a0\u00bbon\u00a0\u00bb date=\u00a0\u00bbon\u00a0\u00bb categories=\u00a0\u00bbon\u00a0\u00bb comments=\u00a0\u00bbon\u00a0\u00bb featured_image=\u00a0\u00bboff\u00a0\u00bb featured_placement=\u00a0\u00bbbelow\u00a0\u00bb text_color=\u00a0\u00bbdark\u00a0\u00bb text_background=\u00a0\u00bboff\u00a0\u00bb border_style=\u00a0\u00bbsolid\u00a0\u00bb text_orientation=\u00a0\u00bbcenter\u00a0\u00bb title_font=\u00a0\u00bb||||\u00a0\u00bb title_text_color=\u00a0\u00bbrgba(0,0,0,0.91)\u00a0\u00bb \/][\/et_pb_column][\/et_pb_row][et_pb_row][et_pb_column type=\u00a0\u00bb4_4&Prime;][et_pb_text _builder_version=\u00a0\u00bb3.0.75&Prime; background_layout=\u00a0\u00bblight\u00a0\u00bb border_style=\u00a0\u00bbsolid\u00a0\u00bb text_font_size=\u00a0\u00bb16&Prime;]<\/p>\n<p><em>Brut<\/em> a d\u00e9sormais de la concurrence. L\u2019ancien pr\u00e9sentateur du magazine t\u00e9l\u00e9vis\u00e9 <em>Capital<\/em>, Emmanuel Chain, et Thierry Bizot, co-fondateur de la soci\u00e9t\u00e9 de production <em>Elephant<\/em>, ont lanc\u00e9<em>Monkey\u00a0<\/em>le 13 novembre 2017, une nouvelle plateforme de vid\u00e9os d\u2019information. Uniquement disponible sur Facebook, Twitter et Youtube, ce nouveau m\u00e9dia va publier chaque jour une vid\u00e9o de 3 minutes qui r\u00e9sume un sujet important de l\u2019actualit\u00e9. Un lancement test est r\u00e9alis\u00e9 depuis juin, avec une quarantaine de vid\u00e9os produites, cr\u00e9ant \u00ab\u00a0<em>spontan\u00e9ment une communaut\u00e9 de 10 000 fans et pr\u00e8s de 2 millions de vues\u00a0<\/em>\u00bb, selon Emmanuel Chain, dans une interview au <em>Figaro<\/em>. Ciblant les 15-35 ans, la plateforme se destine \u00e0 la g\u00e9n\u00e9ration des \u00ab\u00a0<em>millennials\u00a0\u00bb,<\/em> ceux qui ont grandi avec internet et s\u2019informent uniquement via les r\u00e9seaux sociaux. Avec une r\u00e9daction de 11 personnes et un million d\u2019euros de budget pour 2018, <em>Monkey<\/em> veut, selon le journaliste, s\u2019inscrire dans \u00ab\u00a0<em>la culture du d\u00e9cryptage et de l\u2019approfondissement\u00a0<\/em>\u00bb, tout en \u00ab\u00a0<em>associant la rigueur du travail journalistique aux codes narratifs des r\u00e9seaux sociaux<\/em>.\u00a0\u00bb\u00a0Signe de la popularit\u00e9 de ce format, Johan Hufnagel, ancien directeur des \u00e9ditions de <em>Lib\u00e9ration<\/em>, lancera \u00e0 son tour en janvier 2018, son propre m\u00e9dia vid\u00e9o 100% r\u00e9seaux sociaux<em>, Loopsider<\/em>.<\/p>\n<p>&nbsp;<\/p>\n<p>[\/et_pb_text][\/et_pb_column][\/et_pb_row][\/et_pb_section]<\/p>\n","protected":false},"excerpt":{"rendered":"<p>[et_pb_section bb_built=\u00a0\u00bb1&Prime;][et_pb_row][et_pb_column type=\u00a0\u00bb4_4&Prime;][et_pb_post_title _builder_version=\u00a0\u00bb3.0.75&Prime; title=\u00a0\u00bbon\u00a0\u00bb meta=\u00a0\u00bbon\u00a0\u00bb author=\u00a0\u00bbon\u00a0\u00bb date=\u00a0\u00bbon\u00a0\u00bb categories=\u00a0\u00bbon\u00a0\u00bb comments=\u00a0\u00bbon\u00a0\u00bb featured_image=\u00a0\u00bboff\u00a0\u00bb featured_placement=\u00a0\u00bbbelow\u00a0\u00bb text_color=\u00a0\u00bbdark\u00a0\u00bb text_background=\u00a0\u00bboff\u00a0\u00bb border_style=\u00a0\u00bbsolid\u00a0\u00bb text_orientation=\u00a0\u00bbcenter\u00a0\u00bb title_font=\u00a0\u00bb||||\u00a0\u00bb title_text_color=\u00a0\u00bbrgba(0,0,0,0.91)\u00a0\u00bb \/][\/et_pb_column][\/et_pb_row][et_pb_row][et_pb_column type=\u00a0\u00bb4_4&Prime;][et_pb_text _builder_version=\u00a0\u00bb3.0.75&Prime; background_layout=\u00a0\u00bblight\u00a0\u00bb border_style=\u00a0\u00bbsolid\u00a0\u00bb text_font_size=\u00a0\u00bb16&Prime;] Brut a d\u00e9sormais de la concurrence. L\u2019ancien pr\u00e9sentateur du magazine t\u00e9l\u00e9vis\u00e9 Capital, Emmanuel Chain, et Thierry Bizot, co-fondateur de la soci\u00e9t\u00e9 de production Elephant, ont lanc\u00e9Monkey\u00a0le 13 novembre 2017, une nouvelle [&hellip;]<\/p>\n","protected":false},"author":8,"featured_media":1217,"comment_status":"open","ping_status":"open","sticky":false,"template":"","format":"standard","meta":[],"categories":[2],"tags":[64,207,25,206,240],"_links":{"self":[{"href":"http:\/\/journalismes-info.ejdg.fr\/index.php\/wp-json\/wp\/v2\/posts\/1212"}],"collection":[{"href":"http:\/\/journalismes-info.ejdg.fr\/index.php\/wp-json\/wp\/v2\/posts"}],"about":[{"href":"http:\/\/journalismes-info.ejdg.fr\/index.php\/wp-json\/wp\/v2\/types\/post"}],"author":[{"embeddable":true,"href":"http:\/\/journalismes-info.ejdg.fr\/index.php\/wp-json\/wp\/v2\/users\/8"}],"replies":[{"embeddable":true,"href":"http:\/\/journalismes-info.ejdg.fr\/index.php\/wp-json\/wp\/v2\/comments?post=1212"}],"version-history":[{"count":3,"href":"http:\/\/journalismes-info.ejdg.fr\/index.php\/wp-json\/wp\/v2\/posts\/1212\/revisions"}],"predecessor-version":[{"id":1502,"href":"http:\/\/journalismes-info.ejdg.fr\/index.php\/wp-json\/wp\/v2\/posts\/1212\/revisions\/1502"}],"wp:featuredmedia":[{"embeddable":true,"href":"http:\/\/journalismes-info.ejdg.fr\/index.php\/wp-json\/wp\/v2\/media\/1217"}],"wp:attachment":[{"href":"http:\/\/journalismes-info.ejdg.fr\/index.php\/wp-json\/wp\/v2\/media?parent=1212"}],"wp:term":[{"taxonomy":"category","embeddable":true,"href":"http:\/\/journalismes-info.ejdg.fr\/index.php\/wp-json\/wp\/v2\/categories?post=1212"},{"taxonomy":"post_tag","embeddable":true,"href":"http:\/\/journalismes-info.ejdg.fr\/index.php\/wp-json\/wp\/v2\/tags?post=1212"}],"curies":[{"name":"wp","href":"https:\/\/api.w.org\/{rel}","templated":true}]}}