{"id":12030,"date":"2025-04-17T07:27:20","date_gmt":"2025-04-17T05:27:20","guid":{"rendered":"http:\/\/journalismes-info.ejdg.fr\/?p=12030"},"modified":"2025-04-17T07:27:22","modified_gmt":"2025-04-17T05:27:22","slug":"la-culture-ce-nest-pas-reserve-quaux-grandes-villes","status":"publish","type":"post","link":"http:\/\/journalismes-info.ejdg.fr\/index.php\/2025\/04\/17\/la-culture-ce-nest-pas-reserve-quaux-grandes-villes\/","title":{"rendered":"\u00ab\u00a0La culture, ce n&rsquo;est pas r\u00e9serv\u00e9 qu&rsquo;aux grandes villes !\u00a0\u00bb"},"content":{"rendered":"\n<p><strong>La tourn\u00e9e estivale de la compagnie de com\u00e9die musicale Piment Sc\u00e8ne, emmen\u00e9e par une \u00e9quipe de jeunes passionn\u00e9s, sillonne les villages du d\u00e9partement pour y semer du spectacle et du lien. Il s\u2019agit d\u2019une mani\u00e8re de casser les pr\u00e9jug\u00e9s sur la \u00ab\u00a0d\u00e9sertification culturelle\u00a0\u00bb en p\u00e9riph\u00e9rie.<\/strong><\/p>\n\n\n\n<p>Il n\u2019est pas rare que les communes en p\u00e9riph\u00e9rie des grandes villes soient per\u00e7ues comme des d\u00e9serts culturels par ceux qui ne les connaissent pas. Pourtant, selon un <a href=\"https:\/\/www.culture.gouv.fr\/espace-documentation\/rapports\/l-action-du-ministere-de-la-culture-en-direction-des-habitants-des-territoires-ruraux-tome-1-rapport\">rapport de l\u2019IGAC<\/a>, plus de la moiti\u00e9 des lieux culturels sont situ\u00e9s en zone rurale. Pour Clara L\u00e9vy, cheffe de ch\u0153ur de l\u2019\u00e9cole de com\u00e9die musicale grenobloise Piment Sc\u00e8ne, \u00ab <em>certes, l\u2019offre n\u2019est pas la m\u00eame qu\u2019en ville, mais on fait partie d\u2019un territoire o\u00f9 il se passe beaucoup de choses<\/em> \u00bb. Membre de l\u2019association depuis une dizaine d\u2019ann\u00e9es, elle coordonne chaque \u00e9t\u00e9 le s\u00e9jour culturel <em>Very Big Tour <\/em>pour les 18-25 ans. Les jeunes partent alors en tourn\u00e9e dans les communes rurales is\u00e9roises pour jouer les pi\u00e8ces de th\u00e9\u00e2tre qu\u2019ils ont travaill\u00e9es pendant l\u2019ann\u00e9e.<\/p>\n\n\n\n<p>\u00ab <em>L\u2019id\u00e9e, c\u2019est de toucher des publics qui n\u2019ont g\u00e9n\u00e9ralement pas l\u2019habitude de voir des jeunes sur un plateau<\/em> \u00bb, avance Clara L\u00e9vy. Entre 20 et 25 jeunes, issus de Grenoble mais aussi de la p\u00e9riph\u00e9rie, se produisent sur sc\u00e8ne chaque \u00e9t\u00e9. Il s&rsquo;agit d&rsquo;ne initiative qui attire un public nombreux dont certains passent parfois de l&rsquo;autre c\u00f4t\u00e9 de la barri\u00e8re : \u00ab <em>On a au moins un ou deux jeunes par an qui rejoignent la troupe apr\u00e8s avoir vu un spectacle<\/em> \u00bb, se r\u00e9jouit la cheffe de ch\u0153ur. Toutefois, elle a bien conscience de ne pas constituer la seule offre culturelle des communes dans lesquelles elle joue. Elle ajoute que \u00ab <em>de nombreuses mesures, comme le plan national culture et ruralit\u00e9 en 2024, ont \u00e9t\u00e9 mises en place pour que la culture rayonne autrement que dans les grandes villes.<\/em> \u00bb<\/p>\n\n\n\n<p>\u00ab <strong><em>M\u00eame si on est jeunes, on a aussi des choses \u00e0 transmettre <\/em><\/strong>\u00bb<\/p>\n\n\n\n<p>Pour les jeunes de la troupe aussi, cette d\u00e9localisation est importante. Mathieu Nimsgern a 21 ans, il est com\u00e9dien au sein du collectif depuis une dizaine d\u2019ann\u00e9es. Pour lui, la tourn\u00e9e d\u2019\u00e9t\u00e9 est un moment incontournable : \u00ab <em>C\u2019est comme une grande colonie de vacances o\u00f9 on joue un spectacle chaque soir. On se d\u00e9couvre, on vit des moments forts.<\/em> \u00bb Originaire de Meylan, il est essentiel pour lui que les jeunes se d\u00e9placent jusqu\u2019en p\u00e9riph\u00e9rie et ne se cantonnent pas aux villes. \u00ab <em>On est beaucoup plus proches du public dans des petites salles, on le voit directement. Il y a une proximit\u00e9 qu\u2019il n\u2019y a pas dans les grandes salles <\/em>\u00bb, pr\u00e9cise-t-il.<\/p>\n\n\n\n<p>D\u00e9fendre le droit \u00e0 la culture pour tous est pour lui une mission que les jeunes doivent prendre \u00e0 bras le corps, notamment en termes de lien interg\u00e9n\u00e9rationnel : \u00ab<em>On a conscience que les personnes \u00e2g\u00e9es n\u2019ont pas forc\u00e9ment les capacit\u00e9s de se d\u00e9placer. M\u00eame si on est jeunes on a aussi des choses \u00e0 transmettre, de l\u2019\u00e9nergie et de la fra\u00eecheur, et g\u00e9n\u00e9ralement, \u00e7a pla\u00eet au public <\/em>\u00bb. Compte tenu de son succ\u00e8s, cette initiative a encore de beaux jours devant elle.<\/p>\n\n\n\n<p><strong>Elisa Heidet, Baptiste Martin<\/strong><\/p>\n\n\n\n<p>L\u00e9gende et cr\u00e9dits photo : Les jeunes com\u00e9diens de l\u2019\u00e9cole Piment Sc\u00e8ne traversent chaque ann\u00e9e des dizaines de communes is\u00e9roises lors de leur tourn\u00e9e d\u2019\u00e9t\u00e9 Very Big Tour. \u00a9 Mathieu Nimsgern.<\/p>\n","protected":false},"excerpt":{"rendered":"<p>La tourn\u00e9e estivale de la compagnie de com\u00e9die musicale Piment Sc\u00e8ne, emmen\u00e9e par une \u00e9quipe de jeunes passionn\u00e9s, sillonne les villages du d\u00e9partement pour y semer du spectacle et du lien. Il s\u2019agit d\u2019une mani\u00e8re de casser les pr\u00e9jug\u00e9s sur la \u00ab\u00a0d\u00e9sertification culturelle\u00a0\u00bb en p\u00e9riph\u00e9rie. Il n\u2019est pas rare que les communes en p\u00e9riph\u00e9rie des [&hellip;]<\/p>\n","protected":false},"author":284,"featured_media":12035,"comment_status":"closed","ping_status":"closed","sticky":false,"template":"","format":"standard","meta":[],"categories":[3,20],"tags":[488,308,1822],"_links":{"self":[{"href":"http:\/\/journalismes-info.ejdg.fr\/index.php\/wp-json\/wp\/v2\/posts\/12030"}],"collection":[{"href":"http:\/\/journalismes-info.ejdg.fr\/index.php\/wp-json\/wp\/v2\/posts"}],"about":[{"href":"http:\/\/journalismes-info.ejdg.fr\/index.php\/wp-json\/wp\/v2\/types\/post"}],"author":[{"embeddable":true,"href":"http:\/\/journalismes-info.ejdg.fr\/index.php\/wp-json\/wp\/v2\/users\/284"}],"replies":[{"embeddable":true,"href":"http:\/\/journalismes-info.ejdg.fr\/index.php\/wp-json\/wp\/v2\/comments?post=12030"}],"version-history":[{"count":4,"href":"http:\/\/journalismes-info.ejdg.fr\/index.php\/wp-json\/wp\/v2\/posts\/12030\/revisions"}],"predecessor-version":[{"id":12069,"href":"http:\/\/journalismes-info.ejdg.fr\/index.php\/wp-json\/wp\/v2\/posts\/12030\/revisions\/12069"}],"wp:featuredmedia":[{"embeddable":true,"href":"http:\/\/journalismes-info.ejdg.fr\/index.php\/wp-json\/wp\/v2\/media\/12035"}],"wp:attachment":[{"href":"http:\/\/journalismes-info.ejdg.fr\/index.php\/wp-json\/wp\/v2\/media?parent=12030"}],"wp:term":[{"taxonomy":"category","embeddable":true,"href":"http:\/\/journalismes-info.ejdg.fr\/index.php\/wp-json\/wp\/v2\/categories?post=12030"},{"taxonomy":"post_tag","embeddable":true,"href":"http:\/\/journalismes-info.ejdg.fr\/index.php\/wp-json\/wp\/v2\/tags?post=12030"}],"curies":[{"name":"wp","href":"https:\/\/api.w.org\/{rel}","templated":true}]}}