{"id":11969,"date":"2025-04-11T16:57:29","date_gmt":"2025-04-11T14:57:29","guid":{"rendered":"http:\/\/journalismes-info.ejdg.fr\/?p=11969"},"modified":"2025-04-11T16:57:30","modified_gmt":"2025-04-11T14:57:30","slug":"a-echirolles-la-mission-locale-accompagne-linsertion-professionnelle-des-16-25-ans","status":"publish","type":"post","link":"http:\/\/journalismes-info.ejdg.fr\/index.php\/2025\/04\/11\/a-echirolles-la-mission-locale-accompagne-linsertion-professionnelle-des-16-25-ans\/","title":{"rendered":"\u00c0 \u00c9chirolles, la mission locale accompagne l\u2019insertion professionnelle des 16-25 ans"},"content":{"rendered":"\n<p><strong>La mission locale Sud-Is\u00e8re aide les 16-25 ans \u00e0 construire leur projet professionnel. Plus qu\u2019un accompagnement, elle permet aussi aux usagers de cr\u00e9er du lien et de gagner en autonomie.<\/strong><\/p>\n\n\n\n<p><strong>436 missions locales r\u00e9parties sur plus de 6\u202f800 sites en France<\/strong><\/p>\n\n\n\n<p>Les missions locales se sont d\u00e9velopp\u00e9es dans l\u2019Hexagone depuis 1982, \u00e0 la suite de la publication du<a href=\"https:\/\/www.vie-publique.fr\/files\/rapport\/pdf\/174000666.pdf\"> rapport command\u00e9 par le Premier Ministre Pierre Mauroy au professeur et directeur du Centre universitaire de coop\u00e9ration \u00e9conomique et sociale Bertrand Schwartz.<\/a> Ce rapport intitul\u00e9 \u00ab\u00a0L&rsquo;insertion professionnelle et sociale des jeunes\u00a0\u00bb avait pour objectif al recherche de solutions au fort d\u00e9veloppement du taux de ch\u00f4mage chez les jeunes. \u00c0 \u00c9chirolles, en p\u00e9riph\u00e9rie de Grenoble, le r\u00e9seau Sud-Is\u00e8re de la mission locale offre un accompagnement personnalis\u00e9 \u00e0 chaque b\u00e9n\u00e9ficiaire rencontrant des difficult\u00e9s d\u2019insertion. Des rendez-vous avec un conseiller sont fix\u00e9s chaque semaine. Au programme : recherches de stage, d\u2019emploi ou de formation universitaire.<\/p>\n\n\n\n<p><strong>\u00ab C\u2019est une aide essentielle \u00bb<\/strong><\/p>\n\n\n\n<p>Perle, 19 ans, se rend \u00e0 la mission locale depuis f\u00e9vrier 2025. \u00c9tudiante en r\u00e9orientation, elle cherche \u00e0 int\u00e9grer un CAP joaillerie \u00e0 la rentr\u00e9e. Son conseiller l\u2019accompagne dans ses d\u00e9marches administratives et l\u2019aide \u00e0 constituer ses dossiers de candidature : \u00ab C\u2019est une aide essentielle, j\u2019appr\u00e9cie la mission locale pour sa rigueur. \u00bb Au programme \u00e9galement, des ateliers pour apprendre \u00e0 r\u00e9aliser son CV ou \u00e0 rechercher efficacement un emploi sur les plateformes num\u00e9riques.<\/p>\n\n\n\n<figure class=\"wp-block-embed is-type-video is-provider-youtube wp-block-embed-youtube wp-embed-aspect-16-9 wp-has-aspect-ratio\"><div class=\"wp-block-embed__wrapper\">\n<iframe loading=\"lazy\" title=\"Passerelles : Perle Brissard, s\u2019activer pour trouver un emploi en p\u00e9riph\u00e9rie\" width=\"1080\" height=\"608\" src=\"https:\/\/www.youtube.com\/embed\/kUXEW5NY2go?feature=oembed\" frameborder=\"0\" allow=\"accelerometer; autoplay; clipboard-write; encrypted-media; gyroscope; picture-in-picture; web-share\" referrerpolicy=\"strict-origin-when-cross-origin\" allowfullscreen><\/iframe>\n<\/div><\/figure>\n\n\n\n<p>Perle met \u00e9galement en avant un dispositif qui permet de cr\u00e9er du contact entre jeunes en recherche d\u2019activit\u00e9. \u00ab R\u00e9guli\u00e8rement, on s\u2019aide entre nous. On participe \u00e0 des projets communs, ce qui cr\u00e9e automatiquement du lien \u00bb, d\u00e9taille la jeune femme. Chaque conseiller prend en charge pr\u00e8s de 100 jeunes par an. Ils sont douze \u00e0 travailler ici quotidiennement sur un accompagnement sp\u00e9cifique qui doit permettre un acc\u00e8s durable \u00e0 l\u2019emploi.<\/p>\n\n\n\n<p><strong>\u00ab La mission locale donne du sens \u00e0 mes actions \u00bb<\/strong><\/p>\n\n\n\n<p>Myriam Rigaud travaille \u00e0 la mission locale depuis septembre 2023. Ancienne professeure des \u00e9coles, elle met en avant une fonction gratifiante. \u00ab Je note les accomplissements de chacun des jeunes que je croise dans un petit carnet \u00bb, relate fi\u00e8rement Myriam. Elle pointe une coh\u00e9rence dans son parcours professionnel puisqu\u2019elle offre toujours un soutien social et \u00e9motionnel \u00e0 ceux qui en ont besoin.<\/p>\n\n\n\n<p>La mission locale repose sur la libre adh\u00e9sion. Chacun vient de mani\u00e8re volontaire, ce qui change tout par rapport \u00e0 l\u2019\u00e9cole, note Myriam. Ce matin-l\u00e0, son rendez-vous a \u00e9t\u00e9 annul\u00e9 \u00e0 la derni\u00e8re minute. \u00ab Il y a parfois des d\u00e9sistements \u00bb, reconna\u00eet-elle. \u00ab Il faut r\u00e9ussir \u00e0 trouver le bon \u00e9quilibre entre fermet\u00e9 et bienveillance \u00bb, assure Myriam, qui ne c\u00e8de \u00e0 aucune fatalit\u00e9.<\/p>\n\n\n\n<p>Bienveillance, accompagnement et responsabilisation sont donc les ma\u00eetres mots de la mission locale Sud-Is\u00e8re.<\/p>\n\n\n\n<p class=\"has-text-align-right\">Teddy Persicot, Aya Nefissi<\/p>\n","protected":false},"excerpt":{"rendered":"<p>La mission locale Sud-Is\u00e8re aide les 16-25 ans \u00e0 construire leur projet professionnel. Plus qu\u2019un accompagnement, elle permet aussi aux usagers de cr\u00e9er du lien et de gagner en autonomie. 436 missions locales r\u00e9parties sur plus de 6\u202f800 sites en France Les missions locales se sont d\u00e9velopp\u00e9es dans l\u2019Hexagone depuis 1982, \u00e0 la suite de [&hellip;]<\/p>\n","protected":false},"author":261,"featured_media":11998,"comment_status":"closed","ping_status":"closed","sticky":false,"template":"","format":"standard","meta":[],"categories":[20],"tags":[1805,1807,846,1810,308,27,1808,1809,313],"_links":{"self":[{"href":"http:\/\/journalismes-info.ejdg.fr\/index.php\/wp-json\/wp\/v2\/posts\/11969"}],"collection":[{"href":"http:\/\/journalismes-info.ejdg.fr\/index.php\/wp-json\/wp\/v2\/posts"}],"about":[{"href":"http:\/\/journalismes-info.ejdg.fr\/index.php\/wp-json\/wp\/v2\/types\/post"}],"author":[{"embeddable":true,"href":"http:\/\/journalismes-info.ejdg.fr\/index.php\/wp-json\/wp\/v2\/users\/261"}],"replies":[{"embeddable":true,"href":"http:\/\/journalismes-info.ejdg.fr\/index.php\/wp-json\/wp\/v2\/comments?post=11969"}],"version-history":[{"count":6,"href":"http:\/\/journalismes-info.ejdg.fr\/index.php\/wp-json\/wp\/v2\/posts\/11969\/revisions"}],"predecessor-version":[{"id":12051,"href":"http:\/\/journalismes-info.ejdg.fr\/index.php\/wp-json\/wp\/v2\/posts\/11969\/revisions\/12051"}],"wp:featuredmedia":[{"embeddable":true,"href":"http:\/\/journalismes-info.ejdg.fr\/index.php\/wp-json\/wp\/v2\/media\/11998"}],"wp:attachment":[{"href":"http:\/\/journalismes-info.ejdg.fr\/index.php\/wp-json\/wp\/v2\/media?parent=11969"}],"wp:term":[{"taxonomy":"category","embeddable":true,"href":"http:\/\/journalismes-info.ejdg.fr\/index.php\/wp-json\/wp\/v2\/categories?post=11969"},{"taxonomy":"post_tag","embeddable":true,"href":"http:\/\/journalismes-info.ejdg.fr\/index.php\/wp-json\/wp\/v2\/tags?post=11969"}],"curies":[{"name":"wp","href":"https:\/\/api.w.org\/{rel}","templated":true}]}}