{"id":1193,"date":"2017-11-15T17:01:05","date_gmt":"2017-11-15T16:01:05","guid":{"rendered":"http:\/\/journalisme-info.ejdg.fr\/?p=1193"},"modified":"2018-03-12T17:02:30","modified_gmt":"2018-03-12T16:02:30","slug":"le-prix-francophone-de-linnovation-dans-les-medias-lance-son-appel-a-candidature","status":"publish","type":"post","link":"http:\/\/journalismes-info.ejdg.fr\/index.php\/2017\/11\/15\/le-prix-francophone-de-linnovation-dans-les-medias-lance-son-appel-a-candidature\/","title":{"rendered":"Le Prix francophone de l\u2019innovation dans les m\u00e9dias lance son appel \u00e0 candidature"},"content":{"rendered":"<p>[et_pb_section bb_built=\u00a0\u00bb1&Prime;][et_pb_row][et_pb_column type=\u00a0\u00bb4_4&Prime;][et_pb_post_title _builder_version=\u00a0\u00bb3.0.75&Prime; title=\u00a0\u00bbon\u00a0\u00bb meta=\u00a0\u00bbon\u00a0\u00bb author=\u00a0\u00bbon\u00a0\u00bb date=\u00a0\u00bbon\u00a0\u00bb categories=\u00a0\u00bbon\u00a0\u00bb comments=\u00a0\u00bbon\u00a0\u00bb featured_image=\u00a0\u00bboff\u00a0\u00bb featured_placement=\u00a0\u00bbbelow\u00a0\u00bb text_color=\u00a0\u00bbdark\u00a0\u00bb text_background=\u00a0\u00bboff\u00a0\u00bb border_style=\u00a0\u00bbsolid\u00a0\u00bb text_orientation=\u00a0\u00bbcenter\u00a0\u00bb title_font=\u00a0\u00bb||||\u00a0\u00bb title_text_color=\u00a0\u00bbrgba(0,0,0,0.91)\u00a0\u00bb \/][\/et_pb_column][\/et_pb_row][et_pb_row][et_pb_column type=\u00a0\u00bb4_4&Prime;][et_pb_text _builder_version=\u00a0\u00bb3.0.75&Prime; background_layout=\u00a0\u00bblight\u00a0\u00bb border_style=\u00a0\u00bbsolid\u00a0\u00bb text_font_size=\u00a0\u00bb16&Prime;]<\/p>\n<p>La troisi\u00e8me \u00e9dition du Prix francophone de l\u2019innovation dans les m\u00e9dias approche \u00e0 grands pas\u00a0: elle doit en effet se tenir en mars 2018. Un appel \u00e0 candidature a \u00e9t\u00e9 lanc\u00e9 le 25 octobre 2017 par l\u2019Organisation internationale de la francophonie (OIF), Radio France internationale (RFI) et Reporters sans fronti\u00e8res. Mais en quoi consiste ce prix\u00a0? Comme son nom l\u2019indique, il a pour vocation de r\u00e9compenser les meilleures innovations des m\u00e9dias de pays francophones. Autant dire que le choix est vaste, dans le contexte actuel de transformation des m\u00e9dias. Trois \u00ab\u00a0domaines d\u2019innovations\u00a0\u00bb\u00a0sont distingu\u00e9s et pr\u00e9sent\u00e9s sur le site web de RFI : l\u2019innovation \u00e9ditoriale, l\u2019innovation dans les usages et l\u2019innovation dans les mod\u00e8les \u00e9conomiques et les modes d\u2019organisation. Le premier domaine porte essentiellement sur les contenus propos\u00e9s et leur mise en forme. L\u2019innovation dans les usages se concentre, elle, sur les supports m\u00e9diatiques utilis\u00e9s, et met \u00e9galement en lumi\u00e8re l\u2019interactivit\u00e9 avec les usagers. Enfin, le dernier domaine s\u2019attache \u00e0 mettre en avant les mod\u00e8les de financement des m\u00e9dias ou d\u2019\u00e9laboration de leurs contenus. Un jury compos\u00e9 de personnalit\u00e9s des m\u00e9dias francophones aura la responsabilit\u00e9 de d\u00e9partager les diff\u00e9rents candidats. En guise de r\u00e9compense pour l\u2019heureux vainqueur\u00a0: la somme de 10\u00a0000 euros \u00e0 utiliser, bien entendu, pour d\u00e9velopper son m\u00e9dia. Les deuxi\u00e8me et troisi\u00e8me sur le podium repartiront eux aussi avec une jolie somme\u00a0: respectivement 6\u00a0500 et 3\u00a0500 euros. Toutes les conditions n\u00e9cessaires pour pouvoir se porter candidat sont rappel\u00e9es sur le site de RFI. Le formulaire d\u2019inscription y est \u00e9galement disponible. Les volontaires ont donc jusqu\u2019au 31 d\u00e9cembre pour envoyer leur dossier.<\/p>\n<p><strong><a href=\"http:\/\/La troisi\u00e8me \u00e9dition du Prix francophone de l\u2019innovation dans les m\u00e9dias approche \u00e0 grands pas : elle doit en effet se tenir en mars 2018. Un appel \u00e0 candidature a \u00e9t\u00e9 lanc\u00e9 le 25 octobre par l\u2019Organisation internationale de la francophonie (OIF), Radio France internationale (RFI) et Reporters sans fronti\u00e8res. Mais en quoi consiste ce prix ? Comme son nom l\u2019indique, il a pour vocation de r\u00e9compenser les meilleures innovations des m\u00e9dias de pays francophones. Autant dire que le choix est vaste, dans le contexte actuel de transformation des m\u00e9dias. Trois \u00ab domaines d\u2019innovations \u00bb sont distingu\u00e9s et pr\u00e9sent\u00e9s sur le site web de RFI : l\u2019innovation \u00e9ditoriale, l\u2019innovation dans les usages et l\u2019innovation dans les mod\u00e8les \u00e9conomiques et les modes d\u2019organisation. Le premier domaine porte essentiellement sur les contenus propos\u00e9s et leur mise en forme. L\u2019innovation dans les usages se concentre, elle, sur les supports m\u00e9diatiques utilis\u00e9s, et met \u00e9galement en lumi\u00e8re l\u2019interactivit\u00e9 avec les usagers. Enfin, le dernier domaine s\u2019attache \u00e0 mettre en avant les mod\u00e8les de financement des m\u00e9dias ou d\u2019\u00e9laboration de leurs contenus. Un jury compos\u00e9 de personnalit\u00e9s des m\u00e9dias francophones aura la responsabilit\u00e9 de d\u00e9partager les diff\u00e9rents candidats. En guise de r\u00e9compense pour l\u2019heureux vainqueur : la somme de 10 000 euros \u00e0 utiliser, bien entendu, pour d\u00e9velopper son m\u00e9dia. Les deuxi\u00e8me et troisi\u00e8me sur le podium repartiront eux aussi avec une jolie somme : respectivement 6 500 et 3 500 euros. Toutes les conditions n\u00e9cessaires pour pouvoir se porter candidat sont rappel\u00e9es sur le site de RFI. Le formulaire d\u2019inscription y est \u00e9galement disponible. Les volontaires ont donc jusqu\u2019au 31 d\u00e9cembre pour envoyer leur dossier. Si vous souhaitez \u00eatre candidat : http:\/\/www.rfi.fr\/com\/20171113-prix-francophone-innovation-medias-appel-candidatures\"><i>En savoir plus ici\u00a0<\/i><\/a><\/strong><\/p>\n<p><em>\u00a0<\/em><\/p>\n<p>[\/et_pb_text][\/et_pb_column][\/et_pb_row][\/et_pb_section]<\/p>\n","protected":false},"excerpt":{"rendered":"<p>[et_pb_section bb_built=\u00a0\u00bb1&Prime;][et_pb_row][et_pb_column type=\u00a0\u00bb4_4&Prime;][et_pb_post_title _builder_version=\u00a0\u00bb3.0.75&Prime; title=\u00a0\u00bbon\u00a0\u00bb meta=\u00a0\u00bbon\u00a0\u00bb author=\u00a0\u00bbon\u00a0\u00bb date=\u00a0\u00bbon\u00a0\u00bb categories=\u00a0\u00bbon\u00a0\u00bb comments=\u00a0\u00bbon\u00a0\u00bb featured_image=\u00a0\u00bboff\u00a0\u00bb featured_placement=\u00a0\u00bbbelow\u00a0\u00bb text_color=\u00a0\u00bbdark\u00a0\u00bb text_background=\u00a0\u00bboff\u00a0\u00bb border_style=\u00a0\u00bbsolid\u00a0\u00bb text_orientation=\u00a0\u00bbcenter\u00a0\u00bb title_font=\u00a0\u00bb||||\u00a0\u00bb title_text_color=\u00a0\u00bbrgba(0,0,0,0.91)\u00a0\u00bb \/][\/et_pb_column][\/et_pb_row][et_pb_row][et_pb_column type=\u00a0\u00bb4_4&Prime;][et_pb_text _builder_version=\u00a0\u00bb3.0.75&Prime; background_layout=\u00a0\u00bblight\u00a0\u00bb border_style=\u00a0\u00bbsolid\u00a0\u00bb text_font_size=\u00a0\u00bb16&Prime;] La troisi\u00e8me \u00e9dition du Prix francophone de l\u2019innovation dans les m\u00e9dias approche \u00e0 grands pas\u00a0: elle doit en effet se tenir en mars 2018. Un appel \u00e0 candidature a \u00e9t\u00e9 lanc\u00e9 [&hellip;]<\/p>\n","protected":false},"author":15,"featured_media":1207,"comment_status":"open","ping_status":"open","sticky":false,"template":"","format":"standard","meta":[],"categories":[2],"tags":[205,204,80,43,78],"_links":{"self":[{"href":"http:\/\/journalismes-info.ejdg.fr\/index.php\/wp-json\/wp\/v2\/posts\/1193"}],"collection":[{"href":"http:\/\/journalismes-info.ejdg.fr\/index.php\/wp-json\/wp\/v2\/posts"}],"about":[{"href":"http:\/\/journalismes-info.ejdg.fr\/index.php\/wp-json\/wp\/v2\/types\/post"}],"author":[{"embeddable":true,"href":"http:\/\/journalismes-info.ejdg.fr\/index.php\/wp-json\/wp\/v2\/users\/15"}],"replies":[{"embeddable":true,"href":"http:\/\/journalismes-info.ejdg.fr\/index.php\/wp-json\/wp\/v2\/comments?post=1193"}],"version-history":[{"count":3,"href":"http:\/\/journalismes-info.ejdg.fr\/index.php\/wp-json\/wp\/v2\/posts\/1193\/revisions"}],"predecessor-version":[{"id":1498,"href":"http:\/\/journalismes-info.ejdg.fr\/index.php\/wp-json\/wp\/v2\/posts\/1193\/revisions\/1498"}],"wp:featuredmedia":[{"embeddable":true,"href":"http:\/\/journalismes-info.ejdg.fr\/index.php\/wp-json\/wp\/v2\/media\/1207"}],"wp:attachment":[{"href":"http:\/\/journalismes-info.ejdg.fr\/index.php\/wp-json\/wp\/v2\/media?parent=1193"}],"wp:term":[{"taxonomy":"category","embeddable":true,"href":"http:\/\/journalismes-info.ejdg.fr\/index.php\/wp-json\/wp\/v2\/categories?post=1193"},{"taxonomy":"post_tag","embeddable":true,"href":"http:\/\/journalismes-info.ejdg.fr\/index.php\/wp-json\/wp\/v2\/tags?post=1193"}],"curies":[{"name":"wp","href":"https:\/\/api.w.org\/{rel}","templated":true}]}}