{"id":1161,"date":"2017-11-15T16:47:56","date_gmt":"2017-11-15T15:47:56","guid":{"rendered":"http:\/\/journalisme-info.ejdg.fr\/?p=1161"},"modified":"2018-03-12T16:51:16","modified_gmt":"2018-03-12T15:51:16","slug":"en-pleine-presidentielle-le-somaliland-censure-linternet","status":"publish","type":"post","link":"http:\/\/journalismes-info.ejdg.fr\/index.php\/2017\/11\/15\/en-pleine-presidentielle-le-somaliland-censure-linternet\/","title":{"rendered":"En pleine pr\u00e9sidentielle, le Somaliland censure l&rsquo;internet"},"content":{"rendered":"<p>[et_pb_section bb_built=\u00a0\u00bb1&Prime;][et_pb_row][et_pb_column type=\u00a0\u00bb4_4&Prime;][et_pb_post_title _builder_version=\u00a0\u00bb3.0.75&Prime; title=\u00a0\u00bbon\u00a0\u00bb meta=\u00a0\u00bbon\u00a0\u00bb author=\u00a0\u00bbon\u00a0\u00bb date=\u00a0\u00bbon\u00a0\u00bb categories=\u00a0\u00bbon\u00a0\u00bb comments=\u00a0\u00bbon\u00a0\u00bb featured_image=\u00a0\u00bboff\u00a0\u00bb featured_placement=\u00a0\u00bbbelow\u00a0\u00bb text_color=\u00a0\u00bbdark\u00a0\u00bb text_background=\u00a0\u00bboff\u00a0\u00bb border_style=\u00a0\u00bbsolid\u00a0\u00bb text_orientation=\u00a0\u00bbcenter\u00a0\u00bb title_font=\u00a0\u00bb||||\u00a0\u00bb title_text_color=\u00a0\u00bbrgba(0,0,0,0.91)\u00a0\u00bb \/][\/et_pb_column][\/et_pb_row][et_pb_row][et_pb_column type=\u00a0\u00bb4_4&Prime;][et_pb_text _builder_version=\u00a0\u00bb3.0.75&Prime; background_layout=\u00a0\u00bblight\u00a0\u00bb border_style=\u00a0\u00bbsolid\u00a0\u00bb text_font_size=\u00a0\u00bb16&Prime;]<\/p>\n<p>Un blackout \u00e9lectoral. L\u2019enclave somalienne, auto-proclam\u00e9e \u00ab\u00a0r\u00e9publique\u00a0\u00bb, mais non-reconnue par la communaut\u00e9 internationale, bloque des r\u00e9seaux sociaux tels que Facebook, Instagram, ou Twitter durant son \u00e9lection pr\u00e9sidentielle. Selon elle, des <em>\u00abinformations tribales ou haineuses\u00bb<\/em> difficilement ma\u00eetrisables seraient partag\u00e9es sur les r\u00e9seaux sociaux. Cette censure intervient apr\u00e8s la diffusion d\u2019une fausse lettre de don du pr\u00e9sident somalien au parti Waddani du Somaliland, et doit durer jusqu\u2019\u00e0 la publication des r\u00e9sultats. La d\u00e9cision est tr\u00e8s critiqu\u00e9e. Angela Quintal, coordinatrice du programme pour l\u2019Afrique dans le Comit\u00e9 de protection des journalistes (CPJ), estime que pour contrer les fake news, il ne faut pas <em>\u00abcensurer\u00bb<\/em>, mais <em>\u00abdiss\u00e9miner une information cr\u00e9dible et pr\u00e9cise\u00bb<\/em>. Le micro-Etat pourrait, de plus, couper totalement l&rsquo;acc\u00e8s \u00e0 l&rsquo;internet pendant le vote, invoquant des <em>\u00abinqui\u00e9tudes\u00bb<\/em> d\u2019entreprises priv\u00e9es et de citoyens.<\/p>\n<p><em>Quartz<\/em> explique en d\u00e9tail la volont\u00e9 de bloquer les r\u00e9seaux sociaux : <a href=\"https:\/\/qz.com\/1126826\/somaliland-is-blocking-facebook-twitter-linkedin-instagram-snapchat-and-viber-during-elections-to-avoid-fake-news\/\">https:\/\/qz.com\/1126826\/somaliland-is-blocking-facebook-twitter-linkedin-instagram-snapchat-and-viber-during-elections-to-avoid-fake-news\/<\/a>. Et citait\u00a0<em>Garowe online<\/em> sur la coupure de tout Internet : <a href=\"https:\/\/www.garoweonline.com\/en\/news\/somaliland\/somalia-somaliland-to-shut-down-the-internet-during-elections\">https:\/\/www.garoweonline.com\/en\/news\/somaliland\/somalia-somaliland-to-shut-down-the-internet-during-elections<\/a><\/p>\n<p>[\/et_pb_text][\/et_pb_column][\/et_pb_row][\/et_pb_section]<\/p>\n","protected":false},"excerpt":{"rendered":"<p>[et_pb_section bb_built=\u00a0\u00bb1&Prime;][et_pb_row][et_pb_column type=\u00a0\u00bb4_4&Prime;][et_pb_post_title _builder_version=\u00a0\u00bb3.0.75&Prime; title=\u00a0\u00bbon\u00a0\u00bb meta=\u00a0\u00bbon\u00a0\u00bb author=\u00a0\u00bbon\u00a0\u00bb date=\u00a0\u00bbon\u00a0\u00bb categories=\u00a0\u00bbon\u00a0\u00bb comments=\u00a0\u00bbon\u00a0\u00bb featured_image=\u00a0\u00bboff\u00a0\u00bb featured_placement=\u00a0\u00bbbelow\u00a0\u00bb text_color=\u00a0\u00bbdark\u00a0\u00bb text_background=\u00a0\u00bboff\u00a0\u00bb border_style=\u00a0\u00bbsolid\u00a0\u00bb text_orientation=\u00a0\u00bbcenter\u00a0\u00bb title_font=\u00a0\u00bb||||\u00a0\u00bb title_text_color=\u00a0\u00bbrgba(0,0,0,0.91)\u00a0\u00bb \/][\/et_pb_column][\/et_pb_row][et_pb_row][et_pb_column type=\u00a0\u00bb4_4&Prime;][et_pb_text _builder_version=\u00a0\u00bb3.0.75&Prime; background_layout=\u00a0\u00bblight\u00a0\u00bb border_style=\u00a0\u00bbsolid\u00a0\u00bb text_font_size=\u00a0\u00bb16&Prime;] Un blackout \u00e9lectoral. L\u2019enclave somalienne, auto-proclam\u00e9e \u00ab\u00a0r\u00e9publique\u00a0\u00bb, mais non-reconnue par la communaut\u00e9 internationale, bloque des r\u00e9seaux sociaux tels que Facebook, Instagram, ou Twitter durant son \u00e9lection pr\u00e9sidentielle. Selon elle, des \u00abinformations [&hellip;]<\/p>\n","protected":false},"author":9,"featured_media":1490,"comment_status":"open","ping_status":"open","sticky":false,"template":"","format":"standard","meta":[],"categories":[2,138],"tags":[29,201],"_links":{"self":[{"href":"http:\/\/journalismes-info.ejdg.fr\/index.php\/wp-json\/wp\/v2\/posts\/1161"}],"collection":[{"href":"http:\/\/journalismes-info.ejdg.fr\/index.php\/wp-json\/wp\/v2\/posts"}],"about":[{"href":"http:\/\/journalismes-info.ejdg.fr\/index.php\/wp-json\/wp\/v2\/types\/post"}],"author":[{"embeddable":true,"href":"http:\/\/journalismes-info.ejdg.fr\/index.php\/wp-json\/wp\/v2\/users\/9"}],"replies":[{"embeddable":true,"href":"http:\/\/journalismes-info.ejdg.fr\/index.php\/wp-json\/wp\/v2\/comments?post=1161"}],"version-history":[{"count":4,"href":"http:\/\/journalismes-info.ejdg.fr\/index.php\/wp-json\/wp\/v2\/posts\/1161\/revisions"}],"predecessor-version":[{"id":1489,"href":"http:\/\/journalismes-info.ejdg.fr\/index.php\/wp-json\/wp\/v2\/posts\/1161\/revisions\/1489"}],"wp:featuredmedia":[{"embeddable":true,"href":"http:\/\/journalismes-info.ejdg.fr\/index.php\/wp-json\/wp\/v2\/media\/1490"}],"wp:attachment":[{"href":"http:\/\/journalismes-info.ejdg.fr\/index.php\/wp-json\/wp\/v2\/media?parent=1161"}],"wp:term":[{"taxonomy":"category","embeddable":true,"href":"http:\/\/journalismes-info.ejdg.fr\/index.php\/wp-json\/wp\/v2\/categories?post=1161"},{"taxonomy":"post_tag","embeddable":true,"href":"http:\/\/journalismes-info.ejdg.fr\/index.php\/wp-json\/wp\/v2\/tags?post=1161"}],"curies":[{"name":"wp","href":"https:\/\/api.w.org\/{rel}","templated":true}]}}