{"id":11606,"date":"2024-11-19T10:27:00","date_gmt":"2024-11-19T09:27:00","guid":{"rendered":"http:\/\/journalismes-info.ejdg.fr\/?p=11606"},"modified":"2024-12-13T10:27:57","modified_gmt":"2024-12-13T09:27:57","slug":"tf1-elargit-son-offre-cinematographique","status":"publish","type":"post","link":"http:\/\/journalismes-info.ejdg.fr\/index.php\/2024\/11\/19\/tf1-elargit-son-offre-cinematographique\/","title":{"rendered":"TF1 \u00e9largit son offre cin\u00e9matographique"},"content":{"rendered":"\n<p class=\"has-text-align-center\"><\/p>\n\n\n\n<p>Le Groupe Bouygues, propri\u00e9taire de TF1, a annonc\u00e9 le 17 octobre 2024 la signature d\u2019un nouvel accord avec les organisations cin\u00e9ma BLIC, BLOC et ARP dans son communiqu\u00e9 de presse. Ces associations ont pour but de d\u00e9fendre l\u2019ind\u00e9pendance et la libert\u00e9 de cr\u00e9ation du cin\u00e9ma. Ce<a href=\"https:\/\/www.bouygues.com\/wp-content\/uploads\/2024\/10\/communique-de-presse-du-groupe-tf1-accord-cinema.pdf\"> <strong>partenariat<\/strong><\/a> vise \u00e0<a href=\"https:\/\/books.openedition.org\/editionscnrs\/3436?lang=fr\"> <strong>renforcer son soutien envers le secteur cin\u00e9matographique<\/strong><\/a> au cours des trois prochaines ann\u00e9es. TF1 s&rsquo;engage \u00e0 pr\u00e9financer en moyenne 19 films europ\u00e9ens ou d\u2019expression originale fran\u00e7aise chaque ann\u00e9e, avec un soutien financier d\u2019au moins 19,2 millions d\u2019euros pour l\u2019acquisition de droits sur ces \u0153uvres. Conform\u00e9ment aux r\u00e9gulations du<a href=\"https:\/\/www.csa.fr\/Reguler\/Promotion-de-la-production-audiovisuelle\/Les-quotas-a-la-television\"> <strong>CSA<\/strong><\/a>, TF1 s\u2019assure \u00e9galement de respecter les quotas de diffusion, avec un minimum de 60 % de contenus europ\u00e9ens et 40 % d\u2019\u0153uvres d\u2019expression originale fran\u00e7aise. Parall\u00e8lement, la cha\u00eene a \u00e9largi son offre de films sur la plateforme de streaming gratuite TF1+. En 2023, TF1 a enregistr\u00e9 une part d\u2019audience de 18,6 %, faisant d&rsquo;elle la cha\u00eene la plus regard\u00e9e en France. Ce succ\u00e8s t\u00e9moigne d\u2019une<a href=\"https:\/\/www.radiofrance.fr\/franceinter\/podcasts\/l-edito-eco\/chaines-privees-versus-chaines-publiques-2453520\"> <strong>forte dynamique du secteur priv\u00e9<\/strong><\/a>, qui surpasse le secteur public, avec un chiffre d\u2019affaires atteignant 2 297 millions d\u2019euros, selon <a href=\"https:\/\/www.mediametrie.fr\/fr\/laudience-de-la-television-en-2023\"><strong>Mediam\u00e9trie<\/strong><\/a>.<\/p>\n\n\n\n<p><\/p>\n\n\n\n<p>L\u00e9gende: La tour TF1, Paris. Fr\u00e9d\u00e9ric Bisson.<\/p>\n\n\n\n<p><\/p>\n","protected":false},"excerpt":{"rendered":"<p>Le Groupe Bouygues, propri\u00e9taire de TF1, a annonc\u00e9 le 17 octobre 2024 la signature d\u2019un nouvel accord avec les organisations cin\u00e9ma BLIC, BLOC et ARP dans son communiqu\u00e9 de presse. Ces associations ont pour but de d\u00e9fendre l\u2019ind\u00e9pendance et la libert\u00e9 de cr\u00e9ation du cin\u00e9ma. Ce partenariat vise \u00e0 renforcer son soutien envers le secteur [&hellip;]<\/p>\n","protected":false},"author":276,"featured_media":11628,"comment_status":"closed","ping_status":"closed","sticky":false,"template":"","format":"standard","meta":[],"categories":[1760],"tags":[156,1771,1769,1770,696,54,1772,250,140],"_links":{"self":[{"href":"http:\/\/journalismes-info.ejdg.fr\/index.php\/wp-json\/wp\/v2\/posts\/11606"}],"collection":[{"href":"http:\/\/journalismes-info.ejdg.fr\/index.php\/wp-json\/wp\/v2\/posts"}],"about":[{"href":"http:\/\/journalismes-info.ejdg.fr\/index.php\/wp-json\/wp\/v2\/types\/post"}],"author":[{"embeddable":true,"href":"http:\/\/journalismes-info.ejdg.fr\/index.php\/wp-json\/wp\/v2\/users\/276"}],"replies":[{"embeddable":true,"href":"http:\/\/journalismes-info.ejdg.fr\/index.php\/wp-json\/wp\/v2\/comments?post=11606"}],"version-history":[{"count":6,"href":"http:\/\/journalismes-info.ejdg.fr\/index.php\/wp-json\/wp\/v2\/posts\/11606\/revisions"}],"predecessor-version":[{"id":11876,"href":"http:\/\/journalismes-info.ejdg.fr\/index.php\/wp-json\/wp\/v2\/posts\/11606\/revisions\/11876"}],"wp:featuredmedia":[{"embeddable":true,"href":"http:\/\/journalismes-info.ejdg.fr\/index.php\/wp-json\/wp\/v2\/media\/11628"}],"wp:attachment":[{"href":"http:\/\/journalismes-info.ejdg.fr\/index.php\/wp-json\/wp\/v2\/media?parent=11606"}],"wp:term":[{"taxonomy":"category","embeddable":true,"href":"http:\/\/journalismes-info.ejdg.fr\/index.php\/wp-json\/wp\/v2\/categories?post=11606"},{"taxonomy":"post_tag","embeddable":true,"href":"http:\/\/journalismes-info.ejdg.fr\/index.php\/wp-json\/wp\/v2\/tags?post=11606"}],"curies":[{"name":"wp","href":"https:\/\/api.w.org\/{rel}","templated":true}]}}