{"id":11527,"date":"2024-11-08T14:01:00","date_gmt":"2024-11-08T13:01:00","guid":{"rendered":"http:\/\/journalismes-info.ejdg.fr\/?p=11527"},"modified":"2024-12-12T14:03:55","modified_gmt":"2024-12-12T13:03:55","slug":"le-journal-les-echos-une-reorganisation-axee-sur-le-numerique","status":"publish","type":"post","link":"http:\/\/journalismes-info.ejdg.fr\/index.php\/2024\/11\/08\/le-journal-les-echos-une-reorganisation-axee-sur-le-numerique\/","title":{"rendered":"Le journal Les Echos : une r\u00e9organisation ax\u00e9e sur le num\u00e9rique"},"content":{"rendered":"\n<p>Suite \u00e0 sa <a href=\"https:\/\/x.com\/Echos_Parisien\/status\/1843551565296353709\"><strong>conf\u00e9rence de presse du mardi 8 octobre<\/strong><\/a> 2024, le journal <em>Les Echos<\/em> a annonc\u00e9 son nouveau plan pour les ann\u00e9es \u00e0 venir. Cinq mois apr\u00e8s la nomination de Christophe Jakubyszyn au poste de directeur de la r\u00e9daction, le quotidien \u00e9conomique souhaite dynamiser sa strat\u00e9gie num\u00e9rique dans le but de fid\u00e9liser ses abonn\u00e9s actuels et d\u2019en attirer de nouveaux. Le PDG du groupe<em> Les Echos-Le Parisien<\/em>, Pierre Louette, a affich\u00e9 de grande ambition \u00ab\u00a0\u00e0 l&rsquo;horizon 2030, nous voulons<strong> <a href=\"https:\/\/x.com\/Echos_Parisien\/status\/1843553165754687754\">ancrer le journal<\/a><\/strong><a href=\"https:\/\/x.com\/Echos_Parisien\/status\/1843553165754687754\"> <\/a>dans le club des grands journaux \u00e9conomiques mondiaux\u00a0\u00bb comme<em> The Wall Street Journal<\/em>. Pour cela, une r\u00e9organisation est d\u00e9j\u00e0 en cours depuis quelques semaines pour les 200 journalistes du m\u00e9dia. Selon <a href=\"https:\/\/pressroom-lesechos-leparisien.com\/fort-de-sa-transition-numerique-reussie-les-echos-met-le-cap-sur-2030\/\"><strong>le communiqu\u00e9 de presse<\/strong><\/a>, elle s\u2019articule autour de quatre p\u00f4les : plateformes, audience, engagement journal et visuel. <em>Les Echos<\/em> conna\u00eet d\u00e9j\u00e0 une transition digitale r\u00e9ussie sur son application et son site web, avec pr\u00e8s de<a href=\"https:\/\/www.influencia.net\/les-echos-une-reorganisation-visant-a-dynamiser-sa-strategie-numerique\/\"> <strong>80 % de ses abonn\u00e9s<\/strong><\/a> sont issus du num\u00e9rique selon la revue<em> INfluencia<\/em>. Cependant, dans le but de \u00ab\u00a0conqu\u00e9rir\u00a0\u00bb de nouveaux lecteurs, le journal a choisi de se tourner vers le public f\u00e9minin et les jeunes. Par ailleurs, le r\u00e9dacteur en chef a annonc\u00e9 le d\u00e9veloppement du format vid\u00e9o, notamment avec l\u2019arriv\u00e9e de<a href=\"https:\/\/x.com\/Echos_Parisien\/status\/1843560611344724004\"> <strong>Pierre Schenee<\/strong><\/a>, ancien responsable de la vid\u00e9o chez Konbini.<\/p>\n\n\n\n<p>L\u00e9gende : image libre de droit du site Envato.<\/p>\n","protected":false},"excerpt":{"rendered":"<p>Suite \u00e0 sa conf\u00e9rence de presse du mardi 8 octobre 2024, le journal Les Echos a annonc\u00e9 son nouveau plan pour les ann\u00e9es \u00e0 venir. Cinq mois apr\u00e8s la nomination de Christophe Jakubyszyn au poste de directeur de la r\u00e9daction, le quotidien \u00e9conomique souhaite dynamiser sa strat\u00e9gie num\u00e9rique dans le but de fid\u00e9liser ses abonn\u00e9s [&hellip;]<\/p>\n","protected":false},"author":258,"featured_media":11561,"comment_status":"closed","ping_status":"closed","sticky":false,"template":"","format":"standard","meta":[],"categories":[2],"tags":[849,808,43,88],"_links":{"self":[{"href":"http:\/\/journalismes-info.ejdg.fr\/index.php\/wp-json\/wp\/v2\/posts\/11527"}],"collection":[{"href":"http:\/\/journalismes-info.ejdg.fr\/index.php\/wp-json\/wp\/v2\/posts"}],"about":[{"href":"http:\/\/journalismes-info.ejdg.fr\/index.php\/wp-json\/wp\/v2\/types\/post"}],"author":[{"embeddable":true,"href":"http:\/\/journalismes-info.ejdg.fr\/index.php\/wp-json\/wp\/v2\/users\/258"}],"replies":[{"embeddable":true,"href":"http:\/\/journalismes-info.ejdg.fr\/index.php\/wp-json\/wp\/v2\/comments?post=11527"}],"version-history":[{"count":4,"href":"http:\/\/journalismes-info.ejdg.fr\/index.php\/wp-json\/wp\/v2\/posts\/11527\/revisions"}],"predecessor-version":[{"id":11795,"href":"http:\/\/journalismes-info.ejdg.fr\/index.php\/wp-json\/wp\/v2\/posts\/11527\/revisions\/11795"}],"wp:featuredmedia":[{"embeddable":true,"href":"http:\/\/journalismes-info.ejdg.fr\/index.php\/wp-json\/wp\/v2\/media\/11561"}],"wp:attachment":[{"href":"http:\/\/journalismes-info.ejdg.fr\/index.php\/wp-json\/wp\/v2\/media?parent=11527"}],"wp:term":[{"taxonomy":"category","embeddable":true,"href":"http:\/\/journalismes-info.ejdg.fr\/index.php\/wp-json\/wp\/v2\/categories?post=11527"},{"taxonomy":"post_tag","embeddable":true,"href":"http:\/\/journalismes-info.ejdg.fr\/index.php\/wp-json\/wp\/v2\/tags?post=11527"}],"curies":[{"name":"wp","href":"https:\/\/api.w.org\/{rel}","templated":true}]}}