{"id":11513,"date":"2024-11-08T14:00:00","date_gmt":"2024-11-08T13:00:00","guid":{"rendered":"http:\/\/journalismes-info.ejdg.fr\/?p=11513"},"modified":"2024-12-12T14:01:25","modified_gmt":"2024-12-12T13:01:25","slug":"fake-news-dans-lhistoire-la-nouvelle-serie-educative-contre-la-desinformation","status":"publish","type":"post","link":"http:\/\/journalismes-info.ejdg.fr\/index.php\/2024\/11\/08\/fake-news-dans-lhistoire-la-nouvelle-serie-educative-contre-la-desinformation\/","title":{"rendered":"\u201cFake News dans l\u2019Histoire\u201d, la nouvelle s\u00e9rie \u00e9ducative contre la d\u00e9sinformation"},"content":{"rendered":"\n<p>Spiceemedia lance une nouvelle s\u00e9rie <strong><a href=\"https:\/\/www.spicee-educ.com\/serie\/fake-news-dans-lhistoire-3759\" data-type=\"URL\" data-id=\"https:\/\/www.spicee-educ.com\/serie\/fake-news-dans-lhistoire-3759\">\u00ab <em>Fake News dans l\u2019Histoire<\/em> \u00bb<\/a> <\/strong>qui \u00e9tudie l\u2019impact de la d\u00e9sinformation au travers de grands \u00e9v\u00e9nements historiques. Les divers \u00e9pisodes d\u00e9montrent la mani\u00e8re dont des informations trompeuses ont influenc\u00e9 des moments historiques et permettent de donner des cl\u00e9s pour analyser les fausses informations d\u2019aujourd\u2019hui. Cette s\u00e9rie rappelle que les \u00ab fake news \u00bb ont toujours exist\u00e9 mais qu\u2019elles sont particuli\u00e8rement au c\u0153ur des d\u00e9bats li\u00e9s au journalisme contemporain. En effet, avec l\u2019av\u00e8nement des r\u00e9seaux sociaux et de l\u2019intelligence artificielle, les informations fallacieuses se r\u00e9pandent plus facilement et plus rapidement qu\u2019\u00e0 une \u00e9poque o\u00f9 ils n\u2019existaient pas. En t\u00e9moigne actuellement la vague de d\u00e9sinformation initi\u00e9e par le camp Trump dans le but de perturber l\u2019aide apport\u00e9e aux victimes des ouragans. Le candidat r\u00e9publicain souhaite d\u00e9montrer l\u2019incomp\u00e9tence du gouvernement et d\u00e9stabiliser sa rivale d\u00e9mocrate en pleine campagne pr\u00e9sidentielle. La d\u00e9sinformation a touch\u00e9 de nombreux \u00e9pisodes de l\u2019Histoire. \u00ab <em>Fake news dans l\u2019Histoire<\/em> \u00bb \u00e9voque notamment la position de l\u2019abb\u00e9 Barruel, un essayiste pol\u00e9miste de la R\u00e9volution fran\u00e7aise, dans un de ses ouvrages qui pr\u00e9tendait que la R\u00e9volution fran\u00e7aise avait \u00e9t\u00e9 organis\u00e9e par les illuminatis et les franc-ma\u00e7ons. La s\u00e9rie analyse aussi la d\u00e9sinformation utilis\u00e9e comme outil strat\u00e9gique durant la Seconde Guerre mondiale. <a href=\"https:\/\/x.com\/spiceemedia\/status\/1844334388408197438\" data-type=\"URL\" data-id=\"https:\/\/x.com\/spiceemedia\/status\/1844334388408197438\"><strong>L\u2019objectif pr\u00f4n\u00e9 par Spiceemedia<\/strong><\/a> avec ce podcast est l\u2019\u00e9ducation des jeunes aux m\u00e9dias et \u00e0 la lutte contre la d\u00e9sinformation. \u00ab <em>Conna\u00eetre les cons\u00e9quences du pass\u00e9, c\u2019est mieux comprendre les enjeux li\u00e9s \u00e0 la d\u00e9sinformation aujourd\u2019hui<\/em> \u00bb pr\u00e9tend Spiceemedia.<\/p>\n\n\n\n<p>L\u00e9gende photo : <em>Visuel de la s\u00e9rie \u201cFake News dans l\u2019Histoire\u201d \/ Spicee Educ<\/em><\/p>\n","protected":false},"excerpt":{"rendered":"<p>Spiceemedia lance une nouvelle s\u00e9rie \u00ab Fake News dans l\u2019Histoire \u00bb qui \u00e9tudie l\u2019impact de la d\u00e9sinformation au travers de grands \u00e9v\u00e9nements historiques. Les divers \u00e9pisodes d\u00e9montrent la mani\u00e8re dont des informations trompeuses ont influenc\u00e9 des moments historiques et permettent de donner des cl\u00e9s pour analyser les fausses informations d\u2019aujourd\u2019hui. Cette s\u00e9rie rappelle que les [&hellip;]<\/p>\n","protected":false},"author":257,"featured_media":11564,"comment_status":"closed","ping_status":"closed","sticky":false,"template":"","format":"standard","meta":[],"categories":[2],"tags":[1754,29,27],"_links":{"self":[{"href":"http:\/\/journalismes-info.ejdg.fr\/index.php\/wp-json\/wp\/v2\/posts\/11513"}],"collection":[{"href":"http:\/\/journalismes-info.ejdg.fr\/index.php\/wp-json\/wp\/v2\/posts"}],"about":[{"href":"http:\/\/journalismes-info.ejdg.fr\/index.php\/wp-json\/wp\/v2\/types\/post"}],"author":[{"embeddable":true,"href":"http:\/\/journalismes-info.ejdg.fr\/index.php\/wp-json\/wp\/v2\/users\/257"}],"replies":[{"embeddable":true,"href":"http:\/\/journalismes-info.ejdg.fr\/index.php\/wp-json\/wp\/v2\/comments?post=11513"}],"version-history":[{"count":2,"href":"http:\/\/journalismes-info.ejdg.fr\/index.php\/wp-json\/wp\/v2\/posts\/11513\/revisions"}],"predecessor-version":[{"id":11793,"href":"http:\/\/journalismes-info.ejdg.fr\/index.php\/wp-json\/wp\/v2\/posts\/11513\/revisions\/11793"}],"wp:featuredmedia":[{"embeddable":true,"href":"http:\/\/journalismes-info.ejdg.fr\/index.php\/wp-json\/wp\/v2\/media\/11564"}],"wp:attachment":[{"href":"http:\/\/journalismes-info.ejdg.fr\/index.php\/wp-json\/wp\/v2\/media?parent=11513"}],"wp:term":[{"taxonomy":"category","embeddable":true,"href":"http:\/\/journalismes-info.ejdg.fr\/index.php\/wp-json\/wp\/v2\/categories?post=11513"},{"taxonomy":"post_tag","embeddable":true,"href":"http:\/\/journalismes-info.ejdg.fr\/index.php\/wp-json\/wp\/v2\/tags?post=11513"}],"curies":[{"name":"wp","href":"https:\/\/api.w.org\/{rel}","templated":true}]}}