{"id":11511,"date":"2024-11-08T13:58:00","date_gmt":"2024-11-08T12:58:00","guid":{"rendered":"http:\/\/journalismes-info.ejdg.fr\/?p=11511"},"modified":"2024-12-12T13:59:47","modified_gmt":"2024-12-12T12:59:47","slug":"nouveau-site-web-du-canard-enchaine-investissements-et-recrutements-pour-une-transition-numerique-historique","status":"publish","type":"post","link":"http:\/\/journalismes-info.ejdg.fr\/index.php\/2024\/11\/08\/nouveau-site-web-du-canard-enchaine-investissements-et-recrutements-pour-une-transition-numerique-historique\/","title":{"rendered":"Nouveau site Web du Canard Encha\u00een\u00e9\u00a0: investissements et recrutements pour une transition num\u00e9rique historique."},"content":{"rendered":"\n<p>C\u2019est une r\u00e9volution dans la sph\u00e8re m\u00e9diatique\u00a0! <em>Le Canard Encha\u00een\u00e9<\/em>, journal mythique fran\u00e7ais cr\u00e9\u00e9 en 1915, vient de pr\u00e9senter son nouveau site web. Une arriv\u00e9e tardive, r\u00e9alis\u00e9e gr\u00e2ce \u00e0 un investissement de <a href=\"https:\/\/www.challenges.fr\/entreprise\/media\/le-canard-enchaine-mise-sur-son-nouveau-site-internet-pour-se-remplumer_905468\">350 000 euros<\/a> selon <em>Challenges<\/em>. La num\u00e9risation de l\u2019hebdomadaire permet \u00e0 ses abonn\u00e9s depuis le <a href=\"https:\/\/www.la-croix.com\/culture\/le-canard-enchaine-arrive-sur-internet-retour-sur-5-dates-marquantes-de-l-hebdomadaire-20240925\">25 septembre 2024 (source\u00a0 <em>La Croix<\/em>)<\/a> d\u2019acc\u00e9der aux articles et dessins publi\u00e9s dans le journal papier, \u00e0 des productions journalistiques in\u00e9dites et \u00e0 des \u00ab\u00a0scoops\u00a0\u00bb diffus\u00e9s en avant-premi\u00e8re. Un renouveau pour ce journal satirique, auparavant uniquement disponible au format papier. Une num\u00e9risation, mais pas de r\u00e9daction d\u00e9di\u00e9e au web pr\u00e9vue pour le palmip\u00e8de qui a pris la d\u00e9cision de conserver une \u00ab\u00a0r\u00e9daction unique\u00a0\u00bb selon Herv\u00e9 Liffran, administrateur d\u00e9l\u00e9gu\u00e9 du journal qui a pilot\u00e9 le chantier. Pour autant <em>Le Canard<\/em> devrait se doter de nouvelles t\u00eates. Trente-cinq journalistes (hors pigistes),\u00a0 \u00ab\u00a0<a href=\"https:\/\/www.lefigaro.fr\/medias\/l-envol-tardif-du-canard-enchaine-dans-la-mare-aux-infos-en-ligne-20240926?msockid=312ca216d8756a71329fb703d9ce6bab\">plus jeunes et f\u00e9minins<\/a>\u00bb devraient \u00eatre embauch\u00e9s selon Erik Emptaz, directeur de la publication. Malgr\u00e9 toutes ces \u00e9volutions, le palmip\u00e8de a tenu \u00e0 conserver sa patte, en gardant l\u2019identit\u00e9 graphique mythique du journal papier \u00e0 son site web. Son tarif reste lui aussi inchang\u00e9, \u00e0 hauteur de 4,90 par mois. Une transition choc effectu\u00e9e dans le but de pallier la chute de la vente d&rsquo;exemplaires papier, de toucher un nouveau public et de fid\u00e9liser un grand nombre d\u2019abonn\u00e9s en ligne. Ils sont aujourd\u2019hui 11 000 sur le site, 920 000 sur X (ex-Twitter) et 90 000 sur Instagram.\u00a0\u00a0<\/p>\n\n\n\n<p>L\u00e9gende photo : Cr\u00e9dit Esther Vargas, CC BY-SA 2.<em>0<\/em><\/p>\n","protected":false},"excerpt":{"rendered":"<p>C\u2019est une r\u00e9volution dans la sph\u00e8re m\u00e9diatique\u00a0! Le Canard Encha\u00een\u00e9, journal mythique fran\u00e7ais cr\u00e9\u00e9 en 1915, vient de pr\u00e9senter son nouveau site web. Une arriv\u00e9e tardive, r\u00e9alis\u00e9e gr\u00e2ce \u00e0 un investissement de 350 000 euros selon Challenges. La num\u00e9risation de l\u2019hebdomadaire permet \u00e0 ses abonn\u00e9s depuis le 25 septembre 2024 (source\u00a0 La Croix) d\u2019acc\u00e9der aux [&hellip;]<\/p>\n","protected":false},"author":264,"featured_media":11543,"comment_status":"closed","ping_status":"closed","sticky":false,"template":"","format":"standard","meta":[],"categories":[2],"tags":[80,27,43,40],"_links":{"self":[{"href":"http:\/\/journalismes-info.ejdg.fr\/index.php\/wp-json\/wp\/v2\/posts\/11511"}],"collection":[{"href":"http:\/\/journalismes-info.ejdg.fr\/index.php\/wp-json\/wp\/v2\/posts"}],"about":[{"href":"http:\/\/journalismes-info.ejdg.fr\/index.php\/wp-json\/wp\/v2\/types\/post"}],"author":[{"embeddable":true,"href":"http:\/\/journalismes-info.ejdg.fr\/index.php\/wp-json\/wp\/v2\/users\/264"}],"replies":[{"embeddable":true,"href":"http:\/\/journalismes-info.ejdg.fr\/index.php\/wp-json\/wp\/v2\/comments?post=11511"}],"version-history":[{"count":4,"href":"http:\/\/journalismes-info.ejdg.fr\/index.php\/wp-json\/wp\/v2\/posts\/11511\/revisions"}],"predecessor-version":[{"id":11792,"href":"http:\/\/journalismes-info.ejdg.fr\/index.php\/wp-json\/wp\/v2\/posts\/11511\/revisions\/11792"}],"wp:featuredmedia":[{"embeddable":true,"href":"http:\/\/journalismes-info.ejdg.fr\/index.php\/wp-json\/wp\/v2\/media\/11543"}],"wp:attachment":[{"href":"http:\/\/journalismes-info.ejdg.fr\/index.php\/wp-json\/wp\/v2\/media?parent=11511"}],"wp:term":[{"taxonomy":"category","embeddable":true,"href":"http:\/\/journalismes-info.ejdg.fr\/index.php\/wp-json\/wp\/v2\/categories?post=11511"},{"taxonomy":"post_tag","embeddable":true,"href":"http:\/\/journalismes-info.ejdg.fr\/index.php\/wp-json\/wp\/v2\/tags?post=11511"}],"curies":[{"name":"wp","href":"https:\/\/api.w.org\/{rel}","templated":true}]}}