{"id":11254,"date":"2024-04-19T12:43:30","date_gmt":"2024-04-19T10:43:30","guid":{"rendered":"http:\/\/journalismes-info.ejdg.fr\/?p=11254"},"modified":"2024-04-20T11:20:10","modified_gmt":"2024-04-20T09:20:10","slug":"comment-eviter-le-conflit-avec-son-audience-quand-on-parle-de-climat","status":"publish","type":"post","link":"http:\/\/journalismes-info.ejdg.fr\/index.php\/2024\/04\/19\/comment-eviter-le-conflit-avec-son-audience-quand-on-parle-de-climat\/","title":{"rendered":"Comment les m\u00e9dias luttent contre le climatoscepticisme ?"},"content":{"rendered":"\n<p><em>La crise climatique est un changement hors normes et les journalistes sp\u00e9cialis\u00e9s sur les questions de climat ont un r\u00f4le \u00e0 jouer dans la sensibilisation du public. Comme \u00e9voqu\u00e9 lors d\u2019une conf\u00e9rence du Festival international de journalisme \u00e0 P\u00e9rouse, une partie de la population continue \u00e0 \u00eatre climatosceptique et les r\u00e9dactions sont oblig\u00e9es d&rsquo;\u00eatre attentives pour combattre la d\u00e9sinformation.<\/em><\/p>\n\n\n\n<figure class=\"wp-block-image size-large\"><img loading=\"lazy\" width=\"1024\" height=\"681\" src=\"http:\/\/journalismes-info.ejdg.fr\/wp-content\/uploads\/2024\/04\/NB-Image-changement-climatique-entiere-1024x681.jpg\" alt=\"\" class=\"wp-image-11434\" srcset=\"http:\/\/journalismes-info.ejdg.fr\/wp-content\/uploads\/2024\/04\/NB-Image-changement-climatique-entiere-1024x681.jpg 1024w, http:\/\/journalismes-info.ejdg.fr\/wp-content\/uploads\/2024\/04\/NB-Image-changement-climatique-entiere-250x166.jpg 250w, http:\/\/journalismes-info.ejdg.fr\/wp-content\/uploads\/2024\/04\/NB-Image-changement-climatique-entiere-768x511.jpg 768w, http:\/\/journalismes-info.ejdg.fr\/wp-content\/uploads\/2024\/04\/NB-Image-changement-climatique-entiere-1080x719.jpg 1080w, http:\/\/journalismes-info.ejdg.fr\/wp-content\/uploads\/2024\/04\/NB-Image-changement-climatique-entiere.jpg 1500w\" sizes=\"(max-width: 1024px) 100vw, 1024px\" \/><figcaption>Lors d&rsquo;une conf\u00e9rence du Festival international de journalisme de P\u00e9rouse, quatre journalistes ont comment\u00e9 la fabrique de la d\u00e9sinformation climatique. Cr\u00e9dit : Diego Figone<\/figcaption><\/figure>\n\n\n\n<p>Selon un <a href=\"https:\/\/www.edf.fr\/sites\/groupe\/files\/2023-11\/obscop23_e-book_planete-divisee_complet_20231115_fr.pdf\">rapport de l\u2019Observatoire international Climat et Opinions Publiques<\/a>, en 2023, 36% de la population mondiale est climatosceptique, un chiffre qui stagne plus qu\u2019il ne r\u00e9gresse. Une nouvelle tendance semble \u00e9merger, celle de consid\u00e9rer que le changement climatique r\u00e9sulte de la nature et non de l\u2019activit\u00e9 humaine. Cette d\u00e9r\u00e9sponsabilisation semble \u00eatre pour une partie des citoyens un m\u00e9canisme pour relativiser la gravit\u00e9 de la situation. \u00ab Une fois j\u2019ai eu affaire \u00e0 une personne qui ne croyait pas au changement climatique. En creusant je me suis rendue compte que cette personne \u00e9tait mal inform\u00e9e mais aussi qu\u2019elle avait peur. Je lui ai parl\u00e9 avec une certaine empathie et via ce biais on arrive \u00e0 \u00e9viter le conflit et \u00e0 la convaincre <em>\u00bb<\/em>, t\u00e9moigne Florencia Ballarino, r\u00e9dactrice en chef de <em>Chequeado, <\/em>premier m\u00e9dia d\u2019Argentine et d\u2019Am\u00e9rique latine d\u00e9di\u00e9 au fact-checking. Ces derniers ont \u00e0 c\u0153ur de lier le changement climatique avec les sciences sociales, les relations humaines et l\u2019incidence que ce changement a sur leur vie de tous les jours. C\u2019est ce qui explique leur ligne \u00e9ditoriale bas\u00e9e sur le journalisme participatif. Pr\u00e8s de la moiti\u00e9 de leurs articles de fact-checking proviennent de leur communaut\u00e9 qui ont des doutes sur des informations qu\u2019ils consultent. \u00ab En Argentine je pense que la part des climatosceptiques est minoritaire. Une plus grande partie a des doutes sur les r\u00e9sultats et les analyses scientifiques. Et pour ces personnes ce n\u2019est pas compl\u00e8tement perdu, on peut encore faire en sorte que ces personnes croient au changement climatique via le fact-checking \u00bb, remarque Florencia Ballarino.\u00a0<\/p>\n\n\n\n<figure class=\"wp-container-2 wp-block-gallery-1 wp-block-gallery has-nested-images columns-default is-cropped\">\n<figure class=\"wp-block-image size-large\"><img loading=\"lazy\" width=\"1024\" height=\"681\" data-id=\"11439\"  src=\"http:\/\/journalismes-info.ejdg.fr\/wp-content\/uploads\/2024\/04\/Florencia-2-1024x681.jpeg\" alt=\"\" class=\"wp-image-11439\" srcset=\"http:\/\/journalismes-info.ejdg.fr\/wp-content\/uploads\/2024\/04\/Florencia-2-1024x681.jpeg 1024w, http:\/\/journalismes-info.ejdg.fr\/wp-content\/uploads\/2024\/04\/Florencia-2-250x166.jpeg 250w, http:\/\/journalismes-info.ejdg.fr\/wp-content\/uploads\/2024\/04\/Florencia-2-768x511.jpeg 768w, http:\/\/journalismes-info.ejdg.fr\/wp-content\/uploads\/2024\/04\/Florencia-2-1080x719.jpeg 1080w, http:\/\/journalismes-info.ejdg.fr\/wp-content\/uploads\/2024\/04\/Florencia-2.jpeg 1500w\" sizes=\"(max-width: 1024px) 100vw, 1024px\" \/><figcaption>Florencia Ballarino, r\u00e9dactrice en chef de <em>Chequeado<\/em> premier m\u00e9dia argentin sp\u00e9cialis\u00e9 dans le fact checking. Source : Diego Figone<\/figcaption><\/figure>\n<\/figure>\n\n\n\n<p><strong>Derri\u00e8re la d\u00e9sinformation, des int\u00e9r\u00eats politiques et \u00e9conomiques<\/strong><\/p>\n\n\n\n<p><em>\u00ab<\/em> Il y a beaucoup de d\u00e9sinformation et de th\u00e9ories conspirationnistes sur les r\u00e9seaux sociaux que ce soit par des personnes lambdas ou bien des groupes priv\u00e9s qui ont des int\u00e9r\u00eats \u00e0 tromper<em> \u00bb<\/em>,<em> <\/em>analyse la r\u00e9dactrice en chef. Lors de la conf\u00e9rence, cette derni\u00e8re \u00e9voque <a href=\"https:\/\/www.lanacion.com.ar\/economia\/campo\/una-medicion-de-la-nasa-derrumba-un-mito-sobre-las-vacas-argentinas-nid12032023\/\" data-type=\"URL\" data-id=\"https:\/\/www.lanacion.com.ar\/economia\/campo\/una-medicion-de-la-nasa-derrumba-un-mito-sobre-las-vacas-argentinas-nid12032023\/\">un article de la <em>Nacion<\/em><\/a>, quotidien conservateur argentin qui, s\u2019appuyant sur une \u00e9tude de la Nasa, pr\u00e9tendait d\u00e9montrer que l\u2019\u00e9levage en Argentine ne polluait pas l\u2019environnement. Une fausse information sur laquelle <a href=\"https:\/\/chequeado.com\/ultimas-noticias\/es-falso-que-un-estudio-de-la-nasa-haya-demostrado-que-la-ganaderia-de-nuestro-pais-no-contamina-y-derribado-el-mito-sobre-las-vacas-argentinas\/\"><em>Chequeado<\/em> a enqu\u00eat\u00e9<\/a>. En remontant \u00e0 la dite source, il a constat\u00e9 qu&rsquo;une \u00e9tude de la Nasa parlait effectivement des \u00e9missions carbone mais ne faisait aucune mention du m\u00e9thane rejet\u00e9 par les vaches.<\/p>\n\n\n\n<p>L\u2019information venait en fait d\u2019un communiqu\u00e9 de presse de l\u2019Institut promotionnel de la viande bovine d\u2019Argentine (IPCVA), un organisme semi-public. \u00c0 la suite de cette d\u00e9couverte, le journal a corrig\u00e9 sa publication en ajoutant les informations de l&rsquo;enqu\u00eate de <em>Chequeado<\/em>, tout en laissant l&rsquo;explication, bien que trompeuse, de l&rsquo;IPCVA.<\/p>\n\n\n\n<p><strong>X : un vivier de d\u00e9sinformation climatique<\/strong><\/p>\n\n\n\n<p>Selon une \u00e9tude du <a href=\"https:\/\/hal.science\/hal-03986798v2\/file\/Etude_CNRS_Climatoscope.pdf\">Centre National de Recherche Scientifique (CNRS)<\/a>, s\u2019appuyant sur une collecte de donn\u00e9es de X, 30% des comptes qui abordent la question climatique nient la responsabilit\u00e9 humaine dans le r\u00e9chauffement climatique. Ce mouvement est celui du d\u00e9nialisme, qui choisit de nier le consensus scientifique sur le climat, sans justification rationnelle. Pour occuper l\u2019espace, ils suivent la strat\u00e9gie de l\u2019<em>astrosurfing<\/em> qui consiste \u00e0 faire croire en l\u2019adh\u00e9sion d\u2019une foule \u00e0 une cause, par la cr\u00e9ation d\u2019une foule factice o\u00f9 chaque membre de la communaut\u00e9 repartage les contenus produits. Elle est op\u00e9r\u00e9e \u00e0 la fois par des humains et des robots. Et depuis le rachat de la firme par Elon Musk, le ph\u00e9nom\u00e8ne s\u2019est acc\u00e9l\u00e9r\u00e9 suite \u00e0 la mise \u00e0 pied d\u2019une grande partie des mod\u00e9rateurs. L\u2019\u00e9tude remarque que, sur X, la communaut\u00e9 d\u00e9nialiste produit ou relaie 3,5 fois plus de messages toxiques. Aussi, ils utilisent trois fois plus de robots que les autres, pour harceler les utilisateurs qui sont en d\u00e9saccord avec eux. \u00ab Lorsque les personnes en ligne t&rsquo;insultent, la meilleure solution est de ne pas leur r\u00e9pondre. Car la plupart du temps ce qu\u2019elles cherchent, c\u2019est le conflit \u00bb, <em>c<\/em>onclut Florencia Ballarino.<\/p>\n","protected":false},"excerpt":{"rendered":"<p>La crise climatique est un changement hors normes et les journalistes sp\u00e9cialis\u00e9s sur les questions de climat ont un r\u00f4le \u00e0 jouer dans la sensibilisation du public. Comme \u00e9voqu\u00e9 lors d\u2019une conf\u00e9rence du Festival international de journalisme \u00e0 P\u00e9rouse, une partie de la population continue \u00e0 \u00eatre climatosceptique et les r\u00e9dactions sont oblig\u00e9es d&rsquo;\u00eatre attentives [&hellip;]<\/p>\n","protected":false},"author":231,"featured_media":11434,"comment_status":"closed","ping_status":"closed","sticky":false,"template":"","format":"standard","meta":[],"categories":[3,20],"tags":[1745,455,1743,1744,364,1729,27,322],"_links":{"self":[{"href":"http:\/\/journalismes-info.ejdg.fr\/index.php\/wp-json\/wp\/v2\/posts\/11254"}],"collection":[{"href":"http:\/\/journalismes-info.ejdg.fr\/index.php\/wp-json\/wp\/v2\/posts"}],"about":[{"href":"http:\/\/journalismes-info.ejdg.fr\/index.php\/wp-json\/wp\/v2\/types\/post"}],"author":[{"embeddable":true,"href":"http:\/\/journalismes-info.ejdg.fr\/index.php\/wp-json\/wp\/v2\/users\/231"}],"replies":[{"embeddable":true,"href":"http:\/\/journalismes-info.ejdg.fr\/index.php\/wp-json\/wp\/v2\/comments?post=11254"}],"version-history":[{"count":16,"href":"http:\/\/journalismes-info.ejdg.fr\/index.php\/wp-json\/wp\/v2\/posts\/11254\/revisions"}],"predecessor-version":[{"id":11487,"href":"http:\/\/journalismes-info.ejdg.fr\/index.php\/wp-json\/wp\/v2\/posts\/11254\/revisions\/11487"}],"wp:featuredmedia":[{"embeddable":true,"href":"http:\/\/journalismes-info.ejdg.fr\/index.php\/wp-json\/wp\/v2\/media\/11434"}],"wp:attachment":[{"href":"http:\/\/journalismes-info.ejdg.fr\/index.php\/wp-json\/wp\/v2\/media?parent=11254"}],"wp:term":[{"taxonomy":"category","embeddable":true,"href":"http:\/\/journalismes-info.ejdg.fr\/index.php\/wp-json\/wp\/v2\/categories?post=11254"},{"taxonomy":"post_tag","embeddable":true,"href":"http:\/\/journalismes-info.ejdg.fr\/index.php\/wp-json\/wp\/v2\/tags?post=11254"}],"curies":[{"name":"wp","href":"https:\/\/api.w.org\/{rel}","templated":true}]}}