{"id":1120,"date":"2017-11-15T11:03:25","date_gmt":"2017-11-15T10:03:25","guid":{"rendered":"http:\/\/journalisme-info.ejdg.fr\/?p=1120"},"modified":"2017-11-15T11:03:25","modified_gmt":"2017-11-15T10:03:25","slug":"lina-veut-participer-a-la-future-plateforme-vod-de-france-televisions","status":"publish","type":"post","link":"http:\/\/journalismes-info.ejdg.fr\/index.php\/2017\/11\/15\/lina-veut-participer-a-la-future-plateforme-vod-de-france-televisions\/","title":{"rendered":"L\u2019Ina veut participer \u00e0 la future plateforme VOD de France T\u00e9l\u00e9visions"},"content":{"rendered":"<p>[et_pb_section bb_built=\u00a0\u00bb1&Prime;][et_pb_row][et_pb_column type=\u00a0\u00bb4_4&Prime;][et_pb_post_title _builder_version=\u00a0\u00bb3.0.75&Prime; title=\u00a0\u00bbon\u00a0\u00bb meta=\u00a0\u00bbon\u00a0\u00bb author=\u00a0\u00bbon\u00a0\u00bb date=\u00a0\u00bbon\u00a0\u00bb categories=\u00a0\u00bbon\u00a0\u00bb comments=\u00a0\u00bbon\u00a0\u00bb featured_image=\u00a0\u00bboff\u00a0\u00bb featured_placement=\u00a0\u00bbbelow\u00a0\u00bb text_color=\u00a0\u00bbdark\u00a0\u00bb text_background=\u00a0\u00bboff\u00a0\u00bb border_style=\u00a0\u00bbsolid\u00a0\u00bb text_orientation=\u00a0\u00bbcenter\u00a0\u00bb title_font=\u00a0\u00bb||||\u00a0\u00bb title_text_color=\u00a0\u00bbrgba(0,0,0,0.91)\u00a0\u00bb \/][\/et_pb_column][\/et_pb_row][et_pb_row][et_pb_column type=\u00a0\u00bb4_4&Prime;][et_pb_text _builder_version=\u00a0\u00bb3.0.75&Prime; background_layout=\u00a0\u00bblight\u00a0\u00bb border_style=\u00a0\u00bbsolid\u00a0\u00bb text_font_size=\u00a0\u00bb16&Prime;]<\/p>\n<p>France T\u00e9l\u00e9visions souhaite surfer sur la tendance de la vid\u00e9o \u00e0 la demande\u00a0: <a href=\"https:\/\/www.nextinpact.com\/news\/103452-france-television-valide-son-futur-service-video-a-demande-par-abonnement.htm\">le groupe compte lancer en 2018<\/a> sa propre plateforme VOD publique sur abonnement. Et l\u2019Ina souhaite faire partie du projet. La plateforme, qui s\u2019ajoutera au service actuel Pluzz (replay et achat de s\u00e9ries), sera compos\u00e9e de partenariats avec des groupes de producteurs et de distributeurs qui travaillent d\u00e9j\u00e0 avec France T\u00e9l\u00e9visions. L\u2019Institut National de l\u2019Audiovisuel veut y ajouter les 25\u00a0000 programmes de ses archives. Les abonn\u00e9s de son service Premium (qui vient de f\u00eater ses 2 ans) pourront en b\u00e9n\u00e9ficier. Ce projet de \u00ab\u00a0Netflix du service public\u00a0\u00bb intervient alors que le gouvernement souhaite r\u00e9former l\u2019audiovisuel fran\u00e7ais. Fran\u00e7oise Nyssen, la ministre de la Culture en charge du dossier, <a href=\"https:\/\/twitter.com\/franceinter\/status\/923801016331571200?ref_src=twsrc%5Etfw&amp;ref_url=http%3A%2F%2Fwww.lesinrocks.com%2F2017%2F11%2F14%2Factualite%2Fle-plan-choc-du-gouvernement-qui-pourrait-bouleverser-laudiovisuel-public-111009050%2F\">a expliqu\u00e9 sur France Inter<\/a> le 27 octobre 2017 vouloir une \u00ab\u00a0coop\u00e9ration\u00a0\u00bb et une \u00ab\u00a0synergie\u00a0\u00bb entre les m\u00e9dias. \u00c0 l\u2019heure actuelle, l\u2019Ina collabore d\u00e9j\u00e0 avec <em>France Info<\/em>, en cr\u00e9ant notamment des modules vid\u00e9o m\u00ealant archives et actualit\u00e9 diffus\u00e9es sur la cha\u00eene de t\u00e9l\u00e9vision. M\u00e9diam\u00e9trie a publi\u00e9 ce 13 novembre\u00a0<a href=\"http:\/\/www.mediametrie.fr\/comportements\/communiques\/barometre-svod-avec-40-d-utilisateurs-supplementaires-en-1-an-l-adoption-de-la-svod-s-accelere.php?id=1782\">son barom\u00e8tre SVoD<\/a>. Alors que les internautes utilisant un service de vid\u00e9o \u00e0 la demande par abonnement n\u2019\u00e9taient que 12% en 2015 et 15% en 2016, ils sont cette ann\u00e9e 21%.<\/p>\n<p>&nbsp;<\/p>\n<p>\u00c0 lire \u00e0 ce sujet :\u00a0<a href=\"http:\/\/www.lesinrocks.com\/2017\/11\/14\/actualite\/le-plan-choc-du-gouvernement-qui-pourrait-bouleverser-laudiovisuel-public-111009050\/\">Le plan choc du gouvernement sur l&rsquo;audiovisuel public fran\u00e7ais.<\/a><\/p>\n<p>[\/et_pb_text][\/et_pb_column][\/et_pb_row][\/et_pb_section]<\/p>\n","protected":false},"excerpt":{"rendered":"<p>[et_pb_section bb_built=\u00a0\u00bb1&Prime;][et_pb_row][et_pb_column type=\u00a0\u00bb4_4&Prime;][et_pb_post_title _builder_version=\u00a0\u00bb3.0.75&Prime; title=\u00a0\u00bbon\u00a0\u00bb meta=\u00a0\u00bbon\u00a0\u00bb author=\u00a0\u00bbon\u00a0\u00bb date=\u00a0\u00bbon\u00a0\u00bb categories=\u00a0\u00bbon\u00a0\u00bb comments=\u00a0\u00bbon\u00a0\u00bb featured_image=\u00a0\u00bboff\u00a0\u00bb featured_placement=\u00a0\u00bbbelow\u00a0\u00bb text_color=\u00a0\u00bbdark\u00a0\u00bb text_background=\u00a0\u00bboff\u00a0\u00bb border_style=\u00a0\u00bbsolid\u00a0\u00bb text_orientation=\u00a0\u00bbcenter\u00a0\u00bb title_font=\u00a0\u00bb||||\u00a0\u00bb title_text_color=\u00a0\u00bbrgba(0,0,0,0.91)\u00a0\u00bb \/][\/et_pb_column][\/et_pb_row][et_pb_row][et_pb_column type=\u00a0\u00bb4_4&Prime;][et_pb_text _builder_version=\u00a0\u00bb3.0.75&Prime; background_layout=\u00a0\u00bblight\u00a0\u00bb border_style=\u00a0\u00bbsolid\u00a0\u00bb text_font_size=\u00a0\u00bb16&Prime;] France T\u00e9l\u00e9visions souhaite surfer sur la tendance de la vid\u00e9o \u00e0 la demande\u00a0: le groupe compte lancer en 2018 sa propre plateforme VOD publique sur abonnement. Et l\u2019Ina souhaite faire partie [&hellip;]<\/p>\n","protected":false},"author":19,"featured_media":1135,"comment_status":"open","ping_status":"open","sticky":false,"template":"","format":"standard","meta":[],"categories":[2],"tags":[193,192,194,196,195],"_links":{"self":[{"href":"http:\/\/journalismes-info.ejdg.fr\/index.php\/wp-json\/wp\/v2\/posts\/1120"}],"collection":[{"href":"http:\/\/journalismes-info.ejdg.fr\/index.php\/wp-json\/wp\/v2\/posts"}],"about":[{"href":"http:\/\/journalismes-info.ejdg.fr\/index.php\/wp-json\/wp\/v2\/types\/post"}],"author":[{"embeddable":true,"href":"http:\/\/journalismes-info.ejdg.fr\/index.php\/wp-json\/wp\/v2\/users\/19"}],"replies":[{"embeddable":true,"href":"http:\/\/journalismes-info.ejdg.fr\/index.php\/wp-json\/wp\/v2\/comments?post=1120"}],"version-history":[{"count":5,"href":"http:\/\/journalismes-info.ejdg.fr\/index.php\/wp-json\/wp\/v2\/posts\/1120\/revisions"}],"predecessor-version":[{"id":1180,"href":"http:\/\/journalismes-info.ejdg.fr\/index.php\/wp-json\/wp\/v2\/posts\/1120\/revisions\/1180"}],"wp:featuredmedia":[{"embeddable":true,"href":"http:\/\/journalismes-info.ejdg.fr\/index.php\/wp-json\/wp\/v2\/media\/1135"}],"wp:attachment":[{"href":"http:\/\/journalismes-info.ejdg.fr\/index.php\/wp-json\/wp\/v2\/media?parent=1120"}],"wp:term":[{"taxonomy":"category","embeddable":true,"href":"http:\/\/journalismes-info.ejdg.fr\/index.php\/wp-json\/wp\/v2\/categories?post=1120"},{"taxonomy":"post_tag","embeddable":true,"href":"http:\/\/journalismes-info.ejdg.fr\/index.php\/wp-json\/wp\/v2\/tags?post=1120"}],"curies":[{"name":"wp","href":"https:\/\/api.w.org\/{rel}","templated":true}]}}