{"id":11085,"date":"2024-04-03T17:46:05","date_gmt":"2024-04-03T15:46:05","guid":{"rendered":"http:\/\/journalismes-info.ejdg.fr\/?p=11085"},"modified":"2024-04-04T11:53:52","modified_gmt":"2024-04-04T09:53:52","slug":"journalistes-et-lanceurs-dalerte-une-collaboration-pas-toujours-evidente","status":"publish","type":"post","link":"http:\/\/journalismes-info.ejdg.fr\/index.php\/2024\/04\/03\/journalistes-et-lanceurs-dalerte-une-collaboration-pas-toujours-evidente\/","title":{"rendered":"Journalistes et lanceurs d&rsquo;alerte : une collaboration pas toujours \u00e9vidente ?"},"content":{"rendered":"\n<figure class=\"wp-block-image size-full\"><img loading=\"lazy\" width=\"600\" height=\"355\" src=\"http:\/\/journalismes-info.ejdg.fr\/wp-content\/uploads\/2024\/04\/anything-to-say-Perugia.jpg\" alt=\"\" class=\"wp-image-11112\" srcset=\"http:\/\/journalismes-info.ejdg.fr\/wp-content\/uploads\/2024\/04\/anything-to-say-Perugia.jpg 600w, http:\/\/journalismes-info.ejdg.fr\/wp-content\/uploads\/2024\/04\/anything-to-say-Perugia-250x148.jpg 250w\" sizes=\"(max-width: 600px) 100vw, 600px\" \/><figcaption>Travailler avec des lanceurs d\u2019alerte peut parfois \u00eatre compliqu\u00e9 et comporte des risques pour toutes les parties impliqu\u00e9es, mais s\u2019av\u00e8re primordial. Cr\u00e9dits : statue Anything to Say? du sculpteur italien Davide Dormino, International Journalism Festival of Perugia<\/figcaption><\/figure>\n\n\n\n<p><em>Lorsqu\u2019un journaliste enqu\u00eate, il trouve une partie de ses informations seul, mais il peut aussi \u00eatre contact\u00e9 directement par des lanceurs d\u2019alerte, qui constituent des sources particuli\u00e8res. Malgr\u00e9 les apparences, ce travail commun peut s\u2019av\u00e9rer d\u00e9licat. C\u2019\u00e9tait l\u2019objet d\u2019une conf\u00e9rence aux 17e Assises du Journalisme de Tours.<\/em><\/p>\n\n\n\n<p>Daniel Ibanez, fondateur des <a href=\"https:\/\/lanceurs-alerte.fr\/\"><strong>rencontres annuelles des lanceurs d\u2019alerte<\/strong><\/a>, rappelle que ces derniers n\u2019ont pas la m\u00eame d\u00e9nomination selon les langues. Si le terme est apparu en fran\u00e7ais en 1999 dans <a href=\"https:\/\/journals.openedition.org\/assr\/556\"><strong>un ouvrage de Francis Chateauraynaud<\/strong><\/a>, on parlera de <em>denunciante<\/em> en espagnol (d\u00e9nonciateur) et d\u2019<em>informatore<\/em> en italien (informateur). Ces termes traduisent des visions culturelles tr\u00e8s diff\u00e9rentes et n\u2019impliquent pas la m\u00eame consid\u00e9ration \u00e0 l\u2019\u00e9gard de celles et ceux qui lancent l\u2019alerte. Les personnes qui s\u2019engagent sur cette voie ne s\u2019autoproclament pas lanceurs d\u2019alerte, comme en t\u00e9moigne Agn\u00e8s Naudin, ancienne capitaine de police, r\u00e9voqu\u00e9e apr\u00e8s ses r\u00e9v\u00e9lations sur l\u2019omerta au sein de la profession : <em>\u00ab Les journalistes m\u2019ont attribu\u00e9 le nom de \u201clanceuse d\u2019alerte\u201d sans me demander si j\u2019avais obtenu le statut. Personne ne devient volontairement lanceur d\u2019alerte. \u00bb<\/em><\/p>\n\n\n\n<p><strong>La difficile \u00e9dification d\u2019un statut<\/strong><\/p>\n\n\n\n<p>En France, des textes de lois existent pour prot\u00e9ger les lanceurs d\u2019alerte, comme <a href=\"https:\/\/www.legifrance.gouv.fr\/jorf\/id\/JORFTEXT000033558528\"><strong>l&rsquo;article 6 de la loi Sapin 2<\/strong><\/a>. Mais ils ne s\u2019appliquent que pour les personnes en ayant officiellement obtenu le <a href=\"https:\/\/www.defenseurdesdroits.fr\/sites\/default\/files\/2023-07\/ddd_guide-lanceurs-alertes_maj2023_20230223.pdf\"><strong>statut<\/strong><\/a>, \u00e0 la suite d\u2019une d\u00e9marche assez complexe aupr\u00e8s du D\u00e9fenseur des droits. La loi d\u00e9finit alors le lanceur d\u2019alerte comme  <em>\u00ab une personne physique qui signale ou divulgue, sans contrepartie financi\u00e8re directe et de bonne foi, des informations portant sur un crime, un d\u00e9lit, une menace ou un pr\u00e9judice pour l&rsquo;int\u00e9r\u00eat g\u00e9n\u00e9ral \u00bb<\/em>, assortissant la d\u00e9finition d\u2019un certain nombre de crit\u00e8res restrictifs. Les personnes n\u2019y r\u00e9pondant pas pleinement, de m\u00eame que les lanceurs d\u2019alerte venants de pays sans l\u00e9gislation, ne b\u00e9n\u00e9ficient d\u2019aucune protection l\u00e9gale, alors que les risques encourus sont \u00e9normes. Ces proc\u00e9dures retardent le travail des journalistes, comme l\u2019illustre Ariane Denoyel, journaliste ind\u00e9pendante qui enqu\u00eate sur le secteur de la sant\u00e9 : <em>\u00ab Je travaille sur l\u2019essai clinique d\u2019un m\u00e9dicament sur des femmes enceintes en Afrique. Ma source m\u2019a indiqu\u00e9 que le m\u00e9dicament doublait les risques de pr\u00e9maturit\u00e9. Je n\u2019ai pas le temps de v\u00e9rifier que ma source a fait toutes les proc\u00e9dures internes de signalement. Je dois sortir ce papier, des vies sont en jeu. \u00bb<\/em><\/p>\n\n\n\n<p>Les protections restent insuffisantes pour Alexandre Buisine, journaliste et membre du Syndicat national des journalistes (SNJ) : <em>\u00ab De plus en plus le secret est la r\u00e8gle, et la libert\u00e9 d\u2019expression, l\u2019exception. \u00bb.<\/em> La Cour europ\u00e9enne des droits de l\u2019Homme (CEDH) a une<a href=\"https:\/\/hudoc.echr.coe.int\/fre#%7B%22itemid%22:[%22002-2266%22]%7D\"> <strong>jurisprudence qui prot\u00e8ge les lanceurs d\u2019alerte<\/strong><\/a>. Agn\u00e8s Naudin rappelle cependant que c\u2019est une juridiction de derni\u00e8re instance, il faut avoir \u00e9puis\u00e9 tous les recours possibles en France pour se d\u00e9fendre. Ce qui co\u00fbte plusieurs milliers d\u2019euros en frais d\u2019avocats, sans parler des d\u00e9lais de la Cour.<\/p>\n\n\n\n<p><strong>Une confiance \u00e0 construire sur le temps long<\/strong><\/p>\n\n\n\n<p>Faire appel aux journalistes est souvent le dernier recours des lanceurs d\u2019alerte apr\u00e8s avoir tout essay\u00e9 en interne, et c\u2019est parfois un nouveau parcours du combattant. Les lanceurs d\u2019alerte ont besoin d\u2019\u00eatre en confiance, d\u2019\u00eatre crus par les journalistes apr\u00e8s que leurs coll\u00e8gues voire leurs proches leur ont souvent tourn\u00e9 le dos. De l\u2019autre c\u00f4t\u00e9, les journalistes doivent pouvoir v\u00e9rifier ce que raconte leur source, tout cela face \u00e0 des chefs qui veulent pouvoir sortir des scoops mais r\u00e9pugnent \u00e0 allouer le temps et les ressources n\u00e9cessaires \u00e0 l\u2019enqu\u00eate. Seule solution pour Daniel Ibanez, que les journalistes expliquent \u00e0 leurs sources les contraintes de leur m\u00e9tier et l\u2019importance de la v\u00e9rification, leur parlent des risques et de l\u2019importance d\u2019obtenir le statut officiel de lanceur d\u2019alerte pour leur protection.<\/p>\n\n\n\n<p>Le probl\u00e8me pour les journalistes et lanceurs d\u2019alerte travaillant conjointement est de convaincre les r\u00e9dactions de publier leurs enqu\u00eates. La situation est r\u00e9sum\u00e9e par Ariane Denoyel : <em>\u00ab Je fais \u00e0 chaque fois le tour des r\u00e9dactions pour proposer mes sujets. On me r\u00e9pond que c\u2019est trop complexe, que c\u2019est trop gros, que cela met le doute sur toute l\u2019industrie et donc que je renforce le complotisme. \u00bb. <\/em>Devant une telle frilosit\u00e9, comment attendre des lanceurs d\u2019alerte qu\u2019ils r\u00e9v\u00e8lent leurs informations, et des journalistes qu\u2019ils les accompagnent dans une d\u00e9marche d\u2019enqu\u00eate au long cours ?<\/p>\n\n\n\n<p><strong>Pour en savoir plus sur les Rencontres annuelles des lanceurs d\u2019alerte :<\/strong> &nbsp;Playlist des vid\u00e9os r\u00e9alis\u00e9es par les M2 PEW aux rencontres des lanceurs d\u2019alerte de cette ann\u00e9e<\/p>\n\n\n\n<figure class=\"wp-block-embed is-type-video is-provider-youtube wp-block-embed-youtube wp-embed-aspect-16-9 wp-has-aspect-ratio\"><div class=\"wp-block-embed__wrapper\">\n<iframe loading=\"lazy\" title=\"Rencontres des lanceurs d&#039;alerte 2023\" width=\"1080\" height=\"608\" src=\"https:\/\/www.youtube.com\/embed\/videoseries?list=PLVPEBW0QEgVeFrOwruqrga6fuM0ux1mgQ\" frameborder=\"0\" allow=\"accelerometer; autoplay; clipboard-write; encrypted-media; gyroscope; picture-in-picture; web-share\" referrerpolicy=\"strict-origin-when-cross-origin\" allowfullscreen><\/iframe>\n<\/div><\/figure>\n\n\n\n<p><strong>Elisa Maruenda&nbsp;<\/strong><\/p>\n","protected":false},"excerpt":{"rendered":"<p>Lorsqu\u2019un journaliste enqu\u00eate, il trouve une partie de ses informations seul, mais il peut aussi \u00eatre contact\u00e9 directement par des lanceurs d\u2019alerte, qui constituent des sources particuli\u00e8res. Malgr\u00e9 les apparences, ce travail commun peut s\u2019av\u00e9rer d\u00e9licat. C\u2019\u00e9tait l\u2019objet d\u2019une conf\u00e9rence aux 17e Assises du Journalisme de Tours. Daniel Ibanez, fondateur des rencontres annuelles des lanceurs [&hellip;]<\/p>\n","protected":false},"author":249,"featured_media":11112,"comment_status":"closed","ping_status":"closed","sticky":false,"template":"","format":"standard","meta":[],"categories":[3,20,23],"tags":[533,1656,1669,1720,1719],"_links":{"self":[{"href":"http:\/\/journalismes-info.ejdg.fr\/index.php\/wp-json\/wp\/v2\/posts\/11085"}],"collection":[{"href":"http:\/\/journalismes-info.ejdg.fr\/index.php\/wp-json\/wp\/v2\/posts"}],"about":[{"href":"http:\/\/journalismes-info.ejdg.fr\/index.php\/wp-json\/wp\/v2\/types\/post"}],"author":[{"embeddable":true,"href":"http:\/\/journalismes-info.ejdg.fr\/index.php\/wp-json\/wp\/v2\/users\/249"}],"replies":[{"embeddable":true,"href":"http:\/\/journalismes-info.ejdg.fr\/index.php\/wp-json\/wp\/v2\/comments?post=11085"}],"version-history":[{"count":3,"href":"http:\/\/journalismes-info.ejdg.fr\/index.php\/wp-json\/wp\/v2\/posts\/11085\/revisions"}],"predecessor-version":[{"id":11125,"href":"http:\/\/journalismes-info.ejdg.fr\/index.php\/wp-json\/wp\/v2\/posts\/11085\/revisions\/11125"}],"wp:featuredmedia":[{"embeddable":true,"href":"http:\/\/journalismes-info.ejdg.fr\/index.php\/wp-json\/wp\/v2\/media\/11112"}],"wp:attachment":[{"href":"http:\/\/journalismes-info.ejdg.fr\/index.php\/wp-json\/wp\/v2\/media?parent=11085"}],"wp:term":[{"taxonomy":"category","embeddable":true,"href":"http:\/\/journalismes-info.ejdg.fr\/index.php\/wp-json\/wp\/v2\/categories?post=11085"},{"taxonomy":"post_tag","embeddable":true,"href":"http:\/\/journalismes-info.ejdg.fr\/index.php\/wp-json\/wp\/v2\/tags?post=11085"}],"curies":[{"name":"wp","href":"https:\/\/api.w.org\/{rel}","templated":true}]}}