{"id":11060,"date":"2024-03-31T19:24:09","date_gmt":"2024-03-31T17:24:09","guid":{"rendered":"http:\/\/journalismes-info.ejdg.fr\/?p=11060"},"modified":"2024-03-31T19:24:10","modified_gmt":"2024-03-31T17:24:10","slug":"sport-et-medias-tisser-les-liens-du-territoire","status":"publish","type":"post","link":"http:\/\/journalismes-info.ejdg.fr\/index.php\/2024\/03\/31\/sport-et-medias-tisser-les-liens-du-territoire\/","title":{"rendered":"Sport et m\u00e9dias : tisser les liens du territoire"},"content":{"rendered":"\n<p><strong>Que ce soit le match de foot de district ou les portraits de jeunes membres des associations sportives, les m\u00e9dias entretiennent une relation privil\u00e9gi\u00e9e avec le tissu social. Une occasion de promouvoir \u00e9galement une autre vision de la pratique physique, plus douce et moins comp\u00e9titive.<\/strong><\/p>\n\n\n\n<figure class=\"wp-block-image size-large\"><img loading=\"lazy\" width=\"1024\" height=\"768\" src=\"http:\/\/journalismes-info.ejdg.fr\/wp-content\/uploads\/2024\/03\/IMG_1543-1024x768.jpg\" alt=\"\" class=\"wp-image-11061\" srcset=\"http:\/\/journalismes-info.ejdg.fr\/wp-content\/uploads\/2024\/03\/IMG_1543-1024x768.jpg 1024w, http:\/\/journalismes-info.ejdg.fr\/wp-content\/uploads\/2024\/03\/IMG_1543-250x188.jpg 250w, http:\/\/journalismes-info.ejdg.fr\/wp-content\/uploads\/2024\/03\/IMG_1543-768x576.jpg 768w, http:\/\/journalismes-info.ejdg.fr\/wp-content\/uploads\/2024\/03\/IMG_1543-1536x1152.jpg 1536w, http:\/\/journalismes-info.ejdg.fr\/wp-content\/uploads\/2024\/03\/IMG_1543-2048x1536.jpg 2048w, http:\/\/journalismes-info.ejdg.fr\/wp-content\/uploads\/2024\/03\/IMG_1543-1080x810.jpg 1080w\" sizes=\"(max-width: 1024px) 100vw, 1024px\" \/><figcaption>&nbsp;Les Assises Internationales du Journalisme de Tours \u00e9taient aussi l\u2019occasion d\u2019organiser des rencontres avec des acteurs ext\u00e9rieurs aux m\u00e9dias, comme la F\u00e9d\u00e9ration Fran\u00e7aise Sports pour Tous. Cr\u00e9dits : Edouard Nonmoira<\/figcaption><\/figure>\n\n\n\n<p>Le quotidien <em>Ouest-France<\/em> compte quatre cents correspondants de presse qui couvrent le sport au niveau local. Avec une attente forte de la part du lectorat : <em>\u00ab Si on ne publie pas une analyse d\u2019un match de premi\u00e8re division, personne ne va nous le reprocher,<\/em> raconte Vincent Cot\u00e9, r\u00e9dacteur en chef d\u00e9l\u00e9gu\u00e9 aux sports \u00e0 <em>Ouest-France<\/em>. <em>Mais si on oublie de sortir le compte-rendu d\u2019un match au niveau local, il y aura du courrier des lecteurs \u00e0 ouvrir !<\/em> \u00bb La relation entre sport et m\u00e9dias au niveau local tient de la symbiose.<\/p>\n\n\n\n<p><strong>Le sport au-del\u00e0 des r\u00e9sultats<\/strong><\/p>\n\n\n\n<p>Depuis quelques temps toutefois, le lectorat manifeste une app\u00e9tence pour une couverture plus originale du sport, qui rel\u00e8ve plut\u00f4t des pages Soci\u00e9t\u00e9 d\u2019un journal. Insertion par le sport, pratiques adapt\u00e9es pour les personnes en situation de handicap ou encore activit\u00e9 physique orient\u00e9e vers le loisir, ces sujets fleurissent et rencontrent un succ\u00e8s d\u2019audience. C\u2019est dans cette optique qu\u2019a \u00e9t\u00e9 cr\u00e9\u00e9e la F\u00e9d\u00e9ration Fran\u00e7aise Sport pour Tous, qui mise moins sur la mise en avant des athl\u00e8tes que sur la fonction de socialisation du sport. <em>\u00ab C\u2019est une initiative int\u00e9ressante, car d\u2019habitude on se retrouve tr\u00e8s vite avec un tiers de foot, un tiers de foot et, quand on ne sait pas quoi mettre dans le dernier tiers, on met du foot dans le doute \u00bb<\/em>, plaisante Vincent Cot\u00e9. <em>\u00ab Le sport, c\u2019est aussi l\u2019occasion pour les femmes atteintes d\u2019un cancer du sein de retrouver de la mobilit\u00e9 par exemple \u00bb<\/em>, raconte Aur\u00e9lie Peyridieu de l\u2019Association Fran\u00e7aise Sports pour Tous.<\/p>\n\n\n\n<p><br>Cl\u00e9ment Chassot, r\u00e9dacteur en chef de l\u2019hebdomadaire local <em>Le Crestois<\/em>, est attentif au r\u00f4le social de l\u2019information sportive : <em>\u00ab Parfois, cela aide les clubs \u00e0 faire entendre leur projet quand ils ont des travaux \u00e0 faire. \u00bb<\/em> Pour le journaliste, le sport permet de tisser des liens, et les m\u00e9dias peuvent contribuer \u00e0 dynamiser et encourager les \u00e9v\u00e9nements. <em>\u00ab Ceux qui pratiquent le sport, ce n\u2019est pas que Kylian MBapp\u00e9, c\u2019est aussi Monsieur et Madame Tout-le-monde qui se retrouvent avec leurs amis \u00bb<\/em>, rappelle Aur\u00e9lie Peyridieu.<\/p>\n\n\n\n<p><strong>De nombreux fran\u00e7ais d\u00e9clarent pratiquer une activit\u00e9 physique r\u00e9guli\u00e8re, majoritairement pour des raisons de sant\u00e9<\/strong> :<\/p>\n\n\n\n<figure class=\"wp-block-image size-large\"><img loading=\"lazy\" width=\"1024\" height=\"1024\" src=\"http:\/\/journalismes-info.ejdg.fr\/wp-content\/uploads\/2024\/03\/Enrichissement-medias-locaux-pratique-sportive-1024x1024.jpeg\" alt=\"\" class=\"wp-image-11062\" srcset=\"http:\/\/journalismes-info.ejdg.fr\/wp-content\/uploads\/2024\/03\/Enrichissement-medias-locaux-pratique-sportive-1024x1024.jpeg 1024w, http:\/\/journalismes-info.ejdg.fr\/wp-content\/uploads\/2024\/03\/Enrichissement-medias-locaux-pratique-sportive-250x250.jpeg 250w, http:\/\/journalismes-info.ejdg.fr\/wp-content\/uploads\/2024\/03\/Enrichissement-medias-locaux-pratique-sportive-150x150.jpeg 150w, http:\/\/journalismes-info.ejdg.fr\/wp-content\/uploads\/2024\/03\/Enrichissement-medias-locaux-pratique-sportive-768x768.jpeg 768w, http:\/\/journalismes-info.ejdg.fr\/wp-content\/uploads\/2024\/03\/Enrichissement-medias-locaux-pratique-sportive-1080x1080.jpeg 1080w, http:\/\/journalismes-info.ejdg.fr\/wp-content\/uploads\/2024\/03\/Enrichissement-medias-locaux-pratique-sportive-440x440.jpeg 440w, http:\/\/journalismes-info.ejdg.fr\/wp-content\/uploads\/2024\/03\/Enrichissement-medias-locaux-pratique-sportive.jpeg 1200w\" sizes=\"(max-width: 1024px) 100vw, 1024px\" \/><\/figure>\n\n\n\n<p><strong>Le sport amateur comme refuge<\/strong><\/p>\n\n\n\n<p><em>\u00ab Le journal, c\u2019est un r\u00e9seau social papier \u00bb<\/em>, d\u00e9fend Cl\u00e9ment Chassot, en r\u00e9ponse aux discours qui proph\u00e9tisent la disparition de ce support. En outre, la couverture du sport au niveau local permet de retrouver une certaine authenticit\u00e9 dans la pratique. Pour Vincent Cot\u00e9, les journalistes n\u2019ont plus acc\u00e8s aux joueurs professionnels, <em>\u00ab pris en otage \u00bb<\/em>, et qui ne peuvent plus parler de leur v\u00e9cu. Couvrir le sport amateur permet de promouvoir une pratique avec d\u2019autres ressorts que la performance ou la popularit\u00e9, et de renouer avec des fondamentaux du sport.<\/p>\n\n\n\n<p><em>\u00ab Les belles histoires se trouvent dans le sport amateur \u00bb<\/em>, proclame le r\u00e9dacteur en chef adjoint aux sports de <em>Ouest-France<\/em>. D\u2019o\u00f9 l\u2019importance de l\u2019armada de correspondants mobilis\u00e9s par le journal. Le Covid a en ce sens \u00e9t\u00e9 un grand r\u00e9v\u00e9lateur de l\u2019int\u00e9r\u00eat de la couverture du sport local. Ce fut l\u2019occasion, selon Vincent Cot\u00e9, de mettre en lumi\u00e8re une autre facette de l\u2019humain et de m\u00e9diatiser le sport f\u00e9minin, jusqu\u2019ici invisibilis\u00e9.<\/p>\n\n\n\n<p>Parfois, couvrir un club local peut relever du num\u00e9ro d\u2019\u00e9quilibriste. Les associations sportives sont des relations privil\u00e9gi\u00e9es pour les m\u00e9dias locaux, et il peut \u00eatre difficile de les remettre en cause. <em>\u00ab Comment traiter les actions d\u2019un club avec un angle n\u00e9gatif quand la ligne \u00e9ditoriale de notre journal est de valoriser le territoire ? \u00bb<\/em>, s\u2019interroge Cl\u00e9ment Chassot. Un \u00e9quilibre pr\u00e9caire pour la couverture du sport local, encore complexifi\u00e9 par les co\u00fbts du papier :<em> \u00ab Il serait illusoire de croire que l\u2019on va ouvrir de plus en plus de pages d\u00e9di\u00e9es au sujet,<\/em> conclut Vincent Cot\u00e9.<em> Pour autant, le sport amateur n\u2019est pas pr\u00eat de tirer sa r\u00e9v\u00e9rence. \u00bb<\/em><\/p>\n\n\n\n<p><strong>\u00c9lian Malric<\/strong><\/p>\n\n\n\n<p><strong>Enrichissement : \u00ab&nbsp;Au FC le Crestois, la dimension sociale compte&nbsp;\u00bb<\/strong><\/p>\n\n\n\n<figure class=\"wp-block-video\"><video controls src=\"http:\/\/journalismes-info.ejdg.fr\/wp-content\/uploads\/2024\/03\/Au-FC-le-Crestois-la-dimension-sociale-compte-.mp4\"><\/video><\/figure>\n\n\n\n<p><strong>\u00c9douard Nonmoira<\/strong><\/p>\n","protected":false},"excerpt":{"rendered":"<p>Que ce soit le match de foot de district ou les portraits de jeunes membres des associations sportives, les m\u00e9dias entretiennent une relation privil\u00e9gi\u00e9e avec le tissu social. Une occasion de promouvoir \u00e9galement une autre vision de la pratique physique, plus douce et moins comp\u00e9titive. Le quotidien Ouest-France compte quatre cents correspondants de presse qui [&hellip;]<\/p>\n","protected":false},"author":249,"featured_media":11061,"comment_status":"closed","ping_status":"closed","sticky":false,"template":"","format":"standard","meta":[],"categories":[3,20,23],"tags":[533,1656,1669,1714,1713],"_links":{"self":[{"href":"http:\/\/journalismes-info.ejdg.fr\/index.php\/wp-json\/wp\/v2\/posts\/11060"}],"collection":[{"href":"http:\/\/journalismes-info.ejdg.fr\/index.php\/wp-json\/wp\/v2\/posts"}],"about":[{"href":"http:\/\/journalismes-info.ejdg.fr\/index.php\/wp-json\/wp\/v2\/types\/post"}],"author":[{"embeddable":true,"href":"http:\/\/journalismes-info.ejdg.fr\/index.php\/wp-json\/wp\/v2\/users\/249"}],"replies":[{"embeddable":true,"href":"http:\/\/journalismes-info.ejdg.fr\/index.php\/wp-json\/wp\/v2\/comments?post=11060"}],"version-history":[{"count":2,"href":"http:\/\/journalismes-info.ejdg.fr\/index.php\/wp-json\/wp\/v2\/posts\/11060\/revisions"}],"predecessor-version":[{"id":11090,"href":"http:\/\/journalismes-info.ejdg.fr\/index.php\/wp-json\/wp\/v2\/posts\/11060\/revisions\/11090"}],"wp:featuredmedia":[{"embeddable":true,"href":"http:\/\/journalismes-info.ejdg.fr\/index.php\/wp-json\/wp\/v2\/media\/11061"}],"wp:attachment":[{"href":"http:\/\/journalismes-info.ejdg.fr\/index.php\/wp-json\/wp\/v2\/media?parent=11060"}],"wp:term":[{"taxonomy":"category","embeddable":true,"href":"http:\/\/journalismes-info.ejdg.fr\/index.php\/wp-json\/wp\/v2\/categories?post=11060"},{"taxonomy":"post_tag","embeddable":true,"href":"http:\/\/journalismes-info.ejdg.fr\/index.php\/wp-json\/wp\/v2\/tags?post=11060"}],"curies":[{"name":"wp","href":"https:\/\/api.w.org\/{rel}","templated":true}]}}