{"id":11047,"date":"2024-03-31T19:20:42","date_gmt":"2024-03-31T17:20:42","guid":{"rendered":"http:\/\/journalismes-info.ejdg.fr\/?p=11047"},"modified":"2024-04-03T17:42:56","modified_gmt":"2024-04-03T15:42:56","slug":"parite-dans-les-medias-a-lapproche-des-jeux-olympiques-un-ecran-de-fumee","status":"publish","type":"post","link":"http:\/\/journalismes-info.ejdg.fr\/index.php\/2024\/03\/31\/parite-dans-les-medias-a-lapproche-des-jeux-olympiques-un-ecran-de-fumee\/","title":{"rendered":"Parit\u00e9 dans les m\u00e9dias : \u00e0 l&rsquo;approche des Jeux Olympiques, un \u00e9cran de fum\u00e9e ?"},"content":{"rendered":"\n<figure class=\"wp-block-image size-large\"><img loading=\"lazy\" width=\"1024\" height=\"768\" src=\"http:\/\/journalismes-info.ejdg.fr\/wp-content\/uploads\/2024\/04\/IMG_9152-1024x768.jpg\" alt=\"\" class=\"wp-image-11106\" srcset=\"http:\/\/journalismes-info.ejdg.fr\/wp-content\/uploads\/2024\/04\/IMG_9152-1024x768.jpg 1024w, http:\/\/journalismes-info.ejdg.fr\/wp-content\/uploads\/2024\/04\/IMG_9152-250x188.jpg 250w, http:\/\/journalismes-info.ejdg.fr\/wp-content\/uploads\/2024\/04\/IMG_9152-768x576.jpg 768w, http:\/\/journalismes-info.ejdg.fr\/wp-content\/uploads\/2024\/04\/IMG_9152-1536x1152.jpg 1536w, http:\/\/journalismes-info.ejdg.fr\/wp-content\/uploads\/2024\/04\/IMG_9152-2048x1536.jpg 2048w, http:\/\/journalismes-info.ejdg.fr\/wp-content\/uploads\/2024\/04\/IMG_9152-1080x810.jpg 1080w\" sizes=\"(max-width: 1024px) 100vw, 1024px\" \/><figcaption>Gabriel Richalot, Alexandre Pasteur, Olivier Collet et Maureen Lehoux (de gauche \u00e0 droite), le mercredi 27 mars 2024 aux assises du journalisme, lors d\u2019une conf\u00e9rence sur les \u00ab&nbsp;commentaires sportifs : un journalisme de l\u2019\u00e9motion ?&nbsp;\u00bb. Cr\u00e9dits : Justine Lyannaz<\/figcaption><\/figure>\n\n\n\n<p><strong><em>Lors des Assises du Journalisme de Tours, le 27 mars 2024, le Palais des Congr\u00e8s accueillait une conf\u00e9rence sur les \u00e9motions dans le commentaire sportif. Au programme, la place des femmes dans les r\u00e9dactions de sport et le bilan de la parit\u00e9 dans la profession.&nbsp;<\/em><\/strong><\/p>\n\n\n\n<p><em>\u00ab Quand on est une femme, on a un devoir d\u2019exemplarit\u00e9. Une simple erreur peut \u00eatre interpr\u00e9t\u00e9e comme de l\u2019incomp\u00e9tence \u00bb,<\/em> lance Maureen Lehoux, commentatrice de sport \u00e0 RMC, pour d\u00e9buter la discussion. Dans l\u2019auditorium Descartes, le d\u00e9bat intitul\u00e9 \u00ab Commentaires sportifs, un journalisme de l\u2019\u00e9motion \u00bb r\u00e9unit la journaliste et deux de ses confr\u00e8res masculins, Alexandre Pasteur de <em>France T\u00e9l\u00e9visions<\/em> et Gabriel Richalot du <em>Monde<\/em>, devant un public de professionnels et d\u2019\u00e9tudiants. Quelques minutes apr\u00e8s le coup d\u2019envoi de ce d\u00e9bat anim\u00e9 par Olivier Collet de Ch\u00e9rie FM Val de Loire, le sujet des femmes et de leur place dans les r\u00e9dactions est mis sur la table par Maureen Lehoux.&nbsp;<\/p>\n\n\n\n<p><strong>Une salle, deux ambiances&nbsp;<\/strong><\/p>\n\n\n\n<p>Durant une heure, les trois commentateurs ont \u00e9chang\u00e9 leurs id\u00e9es, leurs analyses et leurs exp\u00e9riences devant la centaine de personnes pr\u00e9sentes dans l\u2019assembl\u00e9e. Une exp\u00e9rience qui n\u2019est d\u00e9finitivement pas la m\u00eame pour les hommes et les femmes.Selon Alexandre Pasteur: <em>\u00ab Cela ne choque plus personne de voir une femme commenter du sport<\/em>. <em>\u00bb <\/em>Alors que le journaliste se f\u00e9licite de la parit\u00e9 observ\u00e9e dans les m\u00e9dias, Maureen Lehoux d\u00e9ment et rectifie, pr\u00e9cisant que la parit\u00e9 n\u2019est atteinte que chez les consultants. Chez les journalistes de sport, en effet, les in\u00e9galit\u00e9s persistent. Si la proportion d\u2019hommes et de femmes dans la profession est relativement \u00e9quilibr\u00e9e, il en va tout autrement dans le sport. Alors que la carte d\u2019identit\u00e9 des journalistes professionnels est attribu\u00e9e \u00e0 17 431 hommes et 16 107 femmes, la chercheuse Sandy Monta\u00f1ola ne recense que 15% de femmes dans les effectifs des r\u00e9dactions sportives, dans <a href=\"https:\/\/journals.openedition.org\/lectures\/53682?lang=en\"><strong>une \u00e9tude publi\u00e9e en 2022<\/strong><\/a>.<\/p>\n\n\n\n<p>Durant l\u2019\u00e9change, deux ambiances bien distinctes dans la salle. D\u2019une part, Maureen Lehoux qui tente faire comprendre les obstacles rencontr\u00e9s en tant que femme journaliste de sport quand le milieu largement masculin est historiquement empreint d\u2019un machisme plus ou moins d\u00e9complex\u00e9. De l\u2019autre, des hommes qui entretiennent cet entre-soi avec une certaine d\u00e9fiance quant aux faits \u00e9nonc\u00e9s par leur coll\u00e8gue, voire une condescendance visiblement autoris\u00e9e par 30 ans de carri\u00e8re. A quoi on peut ajouter une tendance nette \u00e0 couper la parole de la cons\u0153ur, en estimant plus judicieux de r\u00e9agir \u00e0 l\u2019expression de son ressenti de femme journaliste que de l\u2019\u00e9couter. En bref, malgr\u00e9 des propos plut\u00f4t \u00e9clair\u00e9s et au fait des m\u00e9canismes mis en place pour lutter contre la discrimination, l\u2019attitude de certains intervenants d\u00e9note des mentalit\u00e9s qui peinent \u00e0 \u00e9voluer.<\/p>\n\n\n\n<p><strong>Un sexisme ordinaire<\/strong><\/p>\n\n\n\n<p><em>\u00ab Si \u00e7a s\u2019\u00e9tait mal pass\u00e9, elle serait partie directement apr\u00e8s la conf\u00e9rence \u00bb<\/em>:Interrog\u00e9es \u00e0 la suite de la conf\u00e9rence, les membres pr\u00e9sents sur le stand de <a href=\"https:\/\/femmesjournalistesdesport.fr\/tag\/fjs\/\"><strong>l\u2019association des Femmes journalistes de sport (FJS)<\/strong><\/a> ne semblaient pas \u00e9tonn\u00e9es. Elles confient avoir l\u2019habitude de propos bien plus discriminants et d\u2019assembl\u00e9es de journalistes bien moins acquises \u00e0 la cause des femmes.&nbsp;<\/p>\n\n\n\n<p>Pour elles, il s\u2019agit peut-\u00eatre de sexisme ordinaire, de remarques et d\u2019attitudes qui ne les choquent plus, alors qu\u2019elles \u00e9voluent dans un monde largement masculin. Ces r\u00e9flexions, elles les ont entendues des dizaines de fois de la part de leurs coll\u00e8gues et <em>\u00ab {elles} n\u2019attendent plus qu\u2019une chose : c\u2019est qu\u2019ils partent \u00e0 la retraite. \u00bb, <\/em>la col\u00e8re ayant fait place \u00e0 une forme de r\u00e9signation.<\/p>\n\n\n\n<p><strong>Une nouvelle vague<\/strong><\/p>\n\n\n\n<p>La col\u00e8re ressentie par certaines \u00e9tudiantes dans la salle montre une r\u00e9alit\u00e9 nouvelle, qui prend de plus en plus de place. Dans les \u00e9coles de journalisme, les derni\u00e8res g\u00e9n\u00e9rations et les jeunes dipl\u00f4m\u00e9s sont en demande de formations et d\u2019outils pour lutter face \u00e0 ces discriminations dans le paysage m\u00e9diatique. Cette envie de faire bouger les choses renvoie un message optimiste pour la lutte pour l\u2019\u00e9galit\u00e9 hommes-femmes.<\/p>\n\n\n\n<p><strong>Justine Lyannaz&nbsp;<\/strong><\/p>\n","protected":false},"excerpt":{"rendered":"<p>Lors des Assises du Journalisme de Tours, le 27 mars 2024, le Palais des Congr\u00e8s accueillait une conf\u00e9rence sur les \u00e9motions dans le commentaire sportif. Au programme, la place des femmes dans les r\u00e9dactions de sport et le bilan de la parit\u00e9 dans la profession.&nbsp; \u00ab Quand on est une femme, on a un devoir [&hellip;]<\/p>\n","protected":false},"author":249,"featured_media":11106,"comment_status":"closed","ping_status":"closed","sticky":false,"template":"","format":"standard","meta":[],"categories":[3,20,23],"tags":[533,1656,1669,1711,1709,1708,1707,1710],"_links":{"self":[{"href":"http:\/\/journalismes-info.ejdg.fr\/index.php\/wp-json\/wp\/v2\/posts\/11047"}],"collection":[{"href":"http:\/\/journalismes-info.ejdg.fr\/index.php\/wp-json\/wp\/v2\/posts"}],"about":[{"href":"http:\/\/journalismes-info.ejdg.fr\/index.php\/wp-json\/wp\/v2\/types\/post"}],"author":[{"embeddable":true,"href":"http:\/\/journalismes-info.ejdg.fr\/index.php\/wp-json\/wp\/v2\/users\/249"}],"replies":[{"embeddable":true,"href":"http:\/\/journalismes-info.ejdg.fr\/index.php\/wp-json\/wp\/v2\/comments?post=11047"}],"version-history":[{"count":5,"href":"http:\/\/journalismes-info.ejdg.fr\/index.php\/wp-json\/wp\/v2\/posts\/11047\/revisions"}],"predecessor-version":[{"id":11111,"href":"http:\/\/journalismes-info.ejdg.fr\/index.php\/wp-json\/wp\/v2\/posts\/11047\/revisions\/11111"}],"wp:featuredmedia":[{"embeddable":true,"href":"http:\/\/journalismes-info.ejdg.fr\/index.php\/wp-json\/wp\/v2\/media\/11106"}],"wp:attachment":[{"href":"http:\/\/journalismes-info.ejdg.fr\/index.php\/wp-json\/wp\/v2\/media?parent=11047"}],"wp:term":[{"taxonomy":"category","embeddable":true,"href":"http:\/\/journalismes-info.ejdg.fr\/index.php\/wp-json\/wp\/v2\/categories?post=11047"},{"taxonomy":"post_tag","embeddable":true,"href":"http:\/\/journalismes-info.ejdg.fr\/index.php\/wp-json\/wp\/v2\/tags?post=11047"}],"curies":[{"name":"wp","href":"https:\/\/api.w.org\/{rel}","templated":true}]}}