{"id":11043,"date":"2024-03-31T19:19:12","date_gmt":"2024-03-31T17:19:12","guid":{"rendered":"http:\/\/journalismes-info.ejdg.fr\/?p=11043"},"modified":"2024-03-31T19:19:14","modified_gmt":"2024-03-31T17:19:14","slug":"intelligence-artificielle-et-journalisme-mariage-force","status":"publish","type":"post","link":"http:\/\/journalismes-info.ejdg.fr\/index.php\/2024\/03\/31\/intelligence-artificielle-et-journalisme-mariage-force\/","title":{"rendered":"Intelligence artificielle et journalisme : mariage forc\u00e9 ?"},"content":{"rendered":"\n<p><strong>L&rsquo;arriv\u00e9e des outils d\u2019intelligence artificielle (IA) dans les r\u00e9dactions a pris de court la profession. Face \u00e0 un boom technologique faisant appara\u00eetre des IA toujours plus performantes, le monde journalistique tente de se mettre d\u2019accord sur les normes \u00e0 appliquer. Mais au-del\u00e0 des questionnements d\u00e9ontologiques, quel est le r\u00f4le de l\u2019\u00e9conomie des m\u00e9dias dans cette r\u00e9gulation ?<\/strong><\/p>\n\n\n\n<figure class=\"wp-block-image size-full\"><img loading=\"lazy\" width=\"448\" height=\"480\" src=\"http:\/\/journalismes-info.ejdg.fr\/wp-content\/uploads\/2024\/03\/Pierre-Romera-Zhang-lors-de-la-conference-IA-et-journalisme-concretement-on-fait-quoi-Au-17eme-Assises-International-du-Journalisme-de-Tours-Credits-Dylan-Prieur.jpg\" alt=\"\" class=\"wp-image-11044\" srcset=\"http:\/\/journalismes-info.ejdg.fr\/wp-content\/uploads\/2024\/03\/Pierre-Romera-Zhang-lors-de-la-conference-IA-et-journalisme-concretement-on-fait-quoi-Au-17eme-Assises-International-du-Journalisme-de-Tours-Credits-Dylan-Prieur.jpg 448w, http:\/\/journalismes-info.ejdg.fr\/wp-content\/uploads\/2024\/03\/Pierre-Romera-Zhang-lors-de-la-conference-IA-et-journalisme-concretement-on-fait-quoi-Au-17eme-Assises-International-du-Journalisme-de-Tours-Credits-Dylan-Prieur-233x250.jpg 233w\" sizes=\"(max-width: 448px) 100vw, 448px\" \/><figcaption>Pierre Romera Zhang lors de la conf\u00e9rence, IA et journalisme concr\u00e8tement, on fait quoi Au 17\u00e8me Assises International du Journalisme de Tours. Cr\u00e9dits : Dylan Prieur<\/figcaption><\/figure>\n\n\n\n<p>A l\u2019occasion de la 17<sup>\u00e8me<\/sup> \u00e9dition des Assises du Journalisme de Tours, Estelle Cognacq, Directrice adjointe de <em>France Info<\/em> compare l\u2019arriv\u00e9e des intelligences artificielles (IA) dans le journalisme \u00e0 une r\u00e9volution industrielle. Pendant la conf\u00e9rence d\u00e9di\u00e9e aux enjeux de l&rsquo;IA dans les m\u00e9dias, elle avance : \u00ab <em>Il y a une partie du journalisme qui n\u2019est pas tr\u00e8s int\u00e9ressante, s\u2019il peut \u00eatre automatis\u00e9 avec un peu d\u2019IA c\u2019est une bonne chose. Si c\u2019est pour faire plus de journalisme de reportage, d\u2019enqu\u00eate, c\u2019est tr\u00e8s bien.<\/em> \u00bb L\u2019id\u00e9al d\u2019une l\u2019IA mise au service du journalisme a ses d\u00e9fenseurs, accr\u00e9dit\u00e9e par quelques faits d\u2019armes. Pierre Romera Zhang, chef de la technologie du<a href=\"https:\/\/www.icij.org\/\"><strong> Consortium International des Journalistes d\u2019Investigation<\/strong><\/a>, (ICIJ), rappelle que <em>\u00ab les IA ont permis la parution d\u2019articles ayant fait date \u00bb<\/em>, \u00e0 l\u2019image de l\u2019affaire des<a href=\"https:\/\/www.lemonde.fr\/les-decodeurs\/article\/2023\/11\/22\/evasion-fiscale-les-panama-papers-et-autres-leaks-ont-rapporte-450-millions-d-euros-a-la-france_6201744_4355770.html\"> <strong>Panama Papers<\/strong><\/a>. En 2016, gr\u00e2ce aux capacit\u00e9s de traitement de l\u2019intelligence artificielle, ce sont plus de 11 millions de documents qui ont \u00e9t\u00e9 analys\u00e9s dans cette enqu\u00eate.<\/p>\n\n\n\n<p>Mais l\u2019\u00e9tiquette \u201cIA\u201d recouvre divers types de technologies et des usages tr\u00e8s vari\u00e9s, qu\u2019il faut savoir distinguer. Celle qui a \u00e9t\u00e9 utilis\u00e9e dans l\u2019affaire des Panama Papers fait partie des outils de <strong>\u201c<a href=\"https:\/\/www.ibm.com\/fr-fr\/topics\/computer-vision\">vision par ordinateur\u201d<\/a><\/strong>, permettant d\u2019identifier des informations significatives \u00e0 partir de documents num\u00e9riques. Il existe \u00e9galement <em>l\u2019apprentissage automatique<\/em> ( dit <a href=\"https:\/\/www.cnil.fr\/fr\/definition\/apprentissage-automatique\"><strong>Machine Learning<\/strong><\/a>), qui vise \u00e0 donner aux machines la capacit\u00e9 d\u2019\u00ab apprendre \u00bb \u00e0 partir de donn\u00e9es d\u2019entrainement, via des mod\u00e8les math\u00e9matiques. Mais le type de technologie qui est au c\u0153ur des d\u00e9bats est l\u2019IA dite g\u00e9n\u00e9rative, permettant \u00e0 son utilisateur d\u2019automatiser la r\u00e9daction de textes ou la r\u00e9alisation d\u2019images, et plus r\u00e9cemment de vid\u00e9os, \u00e0 partir des \u00e9l\u00e9ments stock\u00e9s dans une banque de donn\u00e9es. Chat GPT, programme embl\u00e9matique de l\u2019IA g\u00e9n\u00e9rative, fait d\u2019ailleurs l\u2019actualit\u00e9 du journalisme depuis l\u2019annonce, le 13 mars, d\u2019un partenariat entre <em>Le Monde<\/em> et OpenIA pour int\u00e9grer les contenus du journal dans la banque de donn\u00e9es de Chat GPT<em>.<\/em><\/p>\n\n\n\n<p><strong>Un tournant dans la relation entre les intelligences artificielles et les m\u00e9dias<\/strong> :<\/p>\n\n\n\n<figure class=\"wp-block-video\"><video controls src=\"http:\/\/journalismes-info.ejdg.fr\/wp-content\/uploads\/2024\/03\/lv_0_20240328203542.mp4\"><\/video><figcaption>Le nouvel accord entre Le Monde et Chat GPT. Dylan Prieur <\/figcaption><\/figure>\n\n\n\n<p><strong>Productivit\u00e9 et d\u00e9pendance aux plateformes<\/strong><\/p>\n\n\n\n<p>Une chose est s\u00fbre, l\u2019IA permet des gains de productivit\u00e9 importants, qui peuvent s\u00e9duire les r\u00e9dactions. Mais les cons\u00e9quences pour les conditions de travail des journalistes sont en revanche incertaines, entre temps lib\u00e9r\u00e9 pour d\u2019autres t\u00e2ches, course \u00e0 la publication et r\u00e9duction des effectifs. D\u2019autant que l\u2019IA g\u00e9n\u00e9rative arrive dans un contexte o\u00f9 les r\u00e9dactions se sont pour la plupart rendues d\u00e9pendantes des grandes plateformes de la <em>tech<\/em>. Estelle Cognacq, directrice adjointe de l\u2019antenne <em>France Info<\/em> appelle donc \u00e0 la vigilance : <em>\u00ab Nous avons laiss\u00e9 faire Google pendant 25 ans, ne laissons pas faire les intelligences artificielles aujourd\u2019hui. \u00bb. <\/em>Les m\u00e9dias d\u00e9pendent en effet des outils de diffusion de l\u2019information, des logiques de r\u00e9f\u00e9rencement sur Google \u00e0 la chasse \u00e0 l\u2019engagement sur les r\u00e9seaux, adoss\u00e9e \u00e0 des logiques de march\u00e9 de l\u2019information.<\/p>\n\n\n\n<p><strong>Une r\u00e9gulation commune de l\u2019IA est-elle la solution ?<\/strong><\/p>\n\n\n\n<p>L\u2019utilisation de l\u2019IA dans les m\u00e9dias fait aujourd\u2019hui l\u2019objet d\u2019initiatives de r\u00e9gulation dispers\u00e9es, chaque m\u00e9dia proposant sa propre charte. Pendant la conf\u00e9rence, le vice-pr\u00e9sident du Conseil de d\u00e9ontologie journalistique et de m\u00e9diation (CDJM), Yann Gu\u00e9gan, pose ouvertement la question de la supervision de ces initiatives : <em>\u00ab Maintenant, qui v\u00e9rifie que les m\u00e9dias respectent leurs engagements ? \u00bb<\/em><\/p>\n\n\n\n<p>Dans ce temps d\u2019\u00e9change consacr\u00e9 au journalisme et \u00e0 l\u2019IA, le vice-pr\u00e9sident du CDJM a tenu \u00e0 rappeler que des textes de r\u00e9gulation collectifs avaient d\u00e9j\u00e0 \u00e9t\u00e9 propos\u00e9s. Il expose ensuite celle du CDJM, bas\u00e9e sur une \u00e9chelle de risque \u00e0 trois niveaux, dont il regrette qu\u2019elle n\u2019ait pas \u00e9t\u00e9 largement adopt\u00e9e par les r\u00e9dactions.<\/p>\n\n\n\n<p>L\u2019Union europ\u00e9enne tente, elle aussi, de prendre des mesures. Le 8 d\u00e9cembre 2023 la Commission europ\u00e9enne s\u2019est accord\u00e9e sur un texte appel\u00e9 <a href=\"https:\/\/digital-strategy.ec.europa.eu\/fr\/policies\/regulatory-framework-ai\"><strong>Loi sur l\u2019IA<\/strong><\/a>. Fond\u00e9e elle aussi sur une \u00e9chelle de risques, elle a l\u2019ambition de jouer un r\u00f4le important dans le cadrage juridique en mati\u00e8re d\u2019intelligence artificielle sur le territoire europ\u00e9en, au-del\u00e0 du seul secteur des m\u00e9dias. Mais la profession ne s\u2019en est pas saisie, signe de son incapacit\u00e9 \u00e0 se f\u00e9d\u00e9rer sur une question sur laquelle elle joue une partie de son avenir.<\/p>\n\n\n\n<p><strong>Dylan Prieur<\/strong><\/p>\n","protected":false},"excerpt":{"rendered":"<p>L&rsquo;arriv\u00e9e des outils d\u2019intelligence artificielle (IA) dans les r\u00e9dactions a pris de court la profession. Face \u00e0 un boom technologique faisant appara\u00eetre des IA toujours plus performantes, le monde journalistique tente de se mettre d\u2019accord sur les normes \u00e0 appliquer. Mais au-del\u00e0 des questionnements d\u00e9ontologiques, quel est le r\u00f4le de l\u2019\u00e9conomie des m\u00e9dias dans cette [&hellip;]<\/p>\n","protected":false},"author":249,"featured_media":11044,"comment_status":"closed","ping_status":"closed","sticky":false,"template":"","format":"standard","meta":[],"categories":[3,20,23],"tags":[533,1656,1669,1706,1705],"_links":{"self":[{"href":"http:\/\/journalismes-info.ejdg.fr\/index.php\/wp-json\/wp\/v2\/posts\/11043"}],"collection":[{"href":"http:\/\/journalismes-info.ejdg.fr\/index.php\/wp-json\/wp\/v2\/posts"}],"about":[{"href":"http:\/\/journalismes-info.ejdg.fr\/index.php\/wp-json\/wp\/v2\/types\/post"}],"author":[{"embeddable":true,"href":"http:\/\/journalismes-info.ejdg.fr\/index.php\/wp-json\/wp\/v2\/users\/249"}],"replies":[{"embeddable":true,"href":"http:\/\/journalismes-info.ejdg.fr\/index.php\/wp-json\/wp\/v2\/comments?post=11043"}],"version-history":[{"count":1,"href":"http:\/\/journalismes-info.ejdg.fr\/index.php\/wp-json\/wp\/v2\/posts\/11043\/revisions"}],"predecessor-version":[{"id":11046,"href":"http:\/\/journalismes-info.ejdg.fr\/index.php\/wp-json\/wp\/v2\/posts\/11043\/revisions\/11046"}],"wp:featuredmedia":[{"embeddable":true,"href":"http:\/\/journalismes-info.ejdg.fr\/index.php\/wp-json\/wp\/v2\/media\/11044"}],"wp:attachment":[{"href":"http:\/\/journalismes-info.ejdg.fr\/index.php\/wp-json\/wp\/v2\/media?parent=11043"}],"wp:term":[{"taxonomy":"category","embeddable":true,"href":"http:\/\/journalismes-info.ejdg.fr\/index.php\/wp-json\/wp\/v2\/categories?post=11043"},{"taxonomy":"post_tag","embeddable":true,"href":"http:\/\/journalismes-info.ejdg.fr\/index.php\/wp-json\/wp\/v2\/tags?post=11043"}],"curies":[{"name":"wp","href":"https:\/\/api.w.org\/{rel}","templated":true}]}}