{"id":11028,"date":"2024-03-31T18:08:02","date_gmt":"2024-03-31T16:08:02","guid":{"rendered":"http:\/\/journalismes-info.ejdg.fr\/?p=11028"},"modified":"2024-03-31T18:08:04","modified_gmt":"2024-03-31T16:08:04","slug":"assises2024-le-dernier-edito-de-nos-redactrices-en-chef","status":"publish","type":"post","link":"http:\/\/journalismes-info.ejdg.fr\/index.php\/2024\/03\/31\/assises2024-le-dernier-edito-de-nos-redactrices-en-chef\/","title":{"rendered":"#ASSISES2024 &#8211; Le dernier \u00e9dito de nos r\u00e9dactrices en chef"},"content":{"rendered":"\n<p>Malheureusement, c\u2019est d\u00e9j\u00e0 le dernier \u00e9dito de nos r\u00e9dactrices en chef\u2026 Trop relou \ud83d\ude25<br>Le r\u00e9cap\u2019 de la troisi\u00e8me et derni\u00e8re journ\u00e9e des Assises ! \u2b50\ufe0f\ud83e\udd29<\/p>\n\n\n\n<figure class=\"wp-block-embed is-type-video is-provider-youtube wp-block-embed-youtube wp-embed-aspect-16-9 wp-has-aspect-ratio\"><div class=\"wp-block-embed__wrapper\">\n<iframe loading=\"lazy\" title=\"#ASSISES2024 - Le dernier \u00e9dito de nos r\u00e9dactrices en chef\" width=\"1080\" height=\"608\" src=\"https:\/\/www.youtube.com\/embed\/CvFmZVz0iN4?feature=oembed\" frameborder=\"0\" allow=\"accelerometer; autoplay; clipboard-write; encrypted-media; gyroscope; picture-in-picture; web-share\" referrerpolicy=\"strict-origin-when-cross-origin\" allowfullscreen><\/iframe>\n<\/div><\/figure>\n\n\n\n<p><br>Nos capsules sont en ligne sur notre compte Instagram (https:\/\/www.instagram.com\/journalismes.info\/?hl=fr ) et sur notre cha\u00eene YouTube (https:\/\/youtube.com\/@Journalismesinfofr?si=kMFsrk7r9MWrvk-I).<br><br>Vous pouvez \u00e9galement consulter notre site internet pour retrouver nos articles : www.journalismes-info.ejdg.fr \ud83d\udcdd<\/p>\n\n\n\n<p>Un \u00e9dito r\u00e9alis\u00e9 par Lily Renaux et Elisa Maruenda.<\/p>\n","protected":false},"excerpt":{"rendered":"<p>Malheureusement, c\u2019est d\u00e9j\u00e0 le dernier \u00e9dito de nos r\u00e9dactrices en chef\u2026 Trop relou \ud83d\ude25Le r\u00e9cap\u2019 de la troisi\u00e8me et derni\u00e8re journ\u00e9e des Assises ! \u2b50\ufe0f\ud83e\udd29 Nos capsules sont en ligne sur notre compte Instagram (https:\/\/www.instagram.com\/journalismes.info\/?hl=fr ) et sur notre cha\u00eene YouTube (https:\/\/youtube.com\/@Journalismesinfofr?si=kMFsrk7r9MWrvk-I). Vous pouvez \u00e9galement consulter notre site internet pour retrouver nos articles : www.journalismes-info.ejdg.fr [&hellip;]<\/p>\n","protected":false},"author":240,"featured_media":0,"comment_status":"closed","ping_status":"closed","sticky":false,"template":"","format":"standard","meta":[],"categories":[20,23,11],"tags":[533,1656,1669,1717],"_links":{"self":[{"href":"http:\/\/journalismes-info.ejdg.fr\/index.php\/wp-json\/wp\/v2\/posts\/11028"}],"collection":[{"href":"http:\/\/journalismes-info.ejdg.fr\/index.php\/wp-json\/wp\/v2\/posts"}],"about":[{"href":"http:\/\/journalismes-info.ejdg.fr\/index.php\/wp-json\/wp\/v2\/types\/post"}],"author":[{"embeddable":true,"href":"http:\/\/journalismes-info.ejdg.fr\/index.php\/wp-json\/wp\/v2\/users\/240"}],"replies":[{"embeddable":true,"href":"http:\/\/journalismes-info.ejdg.fr\/index.php\/wp-json\/wp\/v2\/comments?post=11028"}],"version-history":[{"count":1,"href":"http:\/\/journalismes-info.ejdg.fr\/index.php\/wp-json\/wp\/v2\/posts\/11028\/revisions"}],"predecessor-version":[{"id":11079,"href":"http:\/\/journalismes-info.ejdg.fr\/index.php\/wp-json\/wp\/v2\/posts\/11028\/revisions\/11079"}],"wp:attachment":[{"href":"http:\/\/journalismes-info.ejdg.fr\/index.php\/wp-json\/wp\/v2\/media?parent=11028"}],"wp:term":[{"taxonomy":"category","embeddable":true,"href":"http:\/\/journalismes-info.ejdg.fr\/index.php\/wp-json\/wp\/v2\/categories?post=11028"},{"taxonomy":"post_tag","embeddable":true,"href":"http:\/\/journalismes-info.ejdg.fr\/index.php\/wp-json\/wp\/v2\/tags?post=11028"}],"curies":[{"name":"wp","href":"https:\/\/api.w.org\/{rel}","templated":true}]}}