{"id":11021,"date":"2024-03-31T18:04:14","date_gmt":"2024-03-31T16:04:14","guid":{"rendered":"http:\/\/journalismes-info.ejdg.fr\/?p=11021"},"modified":"2024-03-31T18:04:16","modified_gmt":"2024-03-31T16:04:16","slug":"assises2024-ledito-de-la-deuxieme-journee-des-assises-par-nos-redactrices-en-chef","status":"publish","type":"post","link":"http:\/\/journalismes-info.ejdg.fr\/index.php\/2024\/03\/31\/assises2024-ledito-de-la-deuxieme-journee-des-assises-par-nos-redactrices-en-chef\/","title":{"rendered":"#ASSISES2024 &#8211; L&rsquo;\u00e9dito de la deuxi\u00e8me journ\u00e9e des Assises par nos r\u00e9dactrices en chef"},"content":{"rendered":"\n<figure class=\"wp-block-embed is-type-video is-provider-youtube wp-block-embed-youtube wp-embed-aspect-16-9 wp-has-aspect-ratio\"><div class=\"wp-block-embed__wrapper\">\n<iframe loading=\"lazy\" title=\"#ASSISES2024 - L&#039;\u00e9dito de la deuxi\u00e8me journ\u00e9e par nos r\u00e9dactrices en chef\" width=\"1080\" height=\"608\" src=\"https:\/\/www.youtube.com\/embed\/G6di1sJMKlU?feature=oembed\" frameborder=\"0\" allow=\"accelerometer; autoplay; clipboard-write; encrypted-media; gyroscope; picture-in-picture; web-share\" referrerpolicy=\"strict-origin-when-cross-origin\" allowfullscreen><\/iframe>\n<\/div><\/figure>\n\n\n\n<p>Voici l\u2019\u00e9dito r\u00e9cap\u2019 de nos deux r\u00e9dactrices en chef apr\u00e8s la deuxi\u00e8me journ\u00e9e des Assises ! \u2b50\ufe0f\ud83c\udfc5<br><br>Nos capsules sont en ligne sur notre compte Instagram et sur notre cha\u00eene YouTube (https:\/\/youtube.com\/@Journalismesinfofr?si=kMFsrk7r9MWrvk-I).<br><br>Retrouvez l\u2019article d&rsquo;\u00c9lisa Lenglart&#8211;Leconte sur la culture du silence dans le sport : http:\/\/journalismes-info.ejdg.fr\/index.php\/2024\/03\/27\/violences-sexuelles-dans-le-sport-une-culture-du-mensonge\/<br><br>Vous pouvez \u00e9galement consulter tous nos articles sur le site Internet \ud83d\udcdd<\/p>\n\n\n\n<figure class=\"wp-block-image\"><img\/><\/figure>\n\n\n\n<p>Un \u00e9dito r\u00e9alis\u00e9 par Elisa Maruenda et Lily Renaux.<\/p>\n","protected":false},"excerpt":{"rendered":"<p>Voici l\u2019\u00e9dito r\u00e9cap\u2019 de nos deux r\u00e9dactrices en chef apr\u00e8s la deuxi\u00e8me journ\u00e9e des Assises ! \u2b50\ufe0f\ud83c\udfc5 Nos capsules sont en ligne sur notre compte Instagram et sur notre cha\u00eene YouTube (https:\/\/youtube.com\/@Journalismesinfofr?si=kMFsrk7r9MWrvk-I). Retrouvez l\u2019article d&rsquo;\u00c9lisa Lenglart&#8211;Leconte sur la culture du silence dans le sport : http:\/\/journalismes-info.ejdg.fr\/index.php\/2024\/03\/27\/violences-sexuelles-dans-le-sport-une-culture-du-mensonge\/ Vous pouvez \u00e9galement consulter tous nos articles sur le [&hellip;]<\/p>\n","protected":false},"author":240,"featured_media":0,"comment_status":"closed","ping_status":"closed","sticky":false,"template":"","format":"standard","meta":[],"categories":[20,23,11],"tags":[533,1656,1669,1717],"_links":{"self":[{"href":"http:\/\/journalismes-info.ejdg.fr\/index.php\/wp-json\/wp\/v2\/posts\/11021"}],"collection":[{"href":"http:\/\/journalismes-info.ejdg.fr\/index.php\/wp-json\/wp\/v2\/posts"}],"about":[{"href":"http:\/\/journalismes-info.ejdg.fr\/index.php\/wp-json\/wp\/v2\/types\/post"}],"author":[{"embeddable":true,"href":"http:\/\/journalismes-info.ejdg.fr\/index.php\/wp-json\/wp\/v2\/users\/240"}],"replies":[{"embeddable":true,"href":"http:\/\/journalismes-info.ejdg.fr\/index.php\/wp-json\/wp\/v2\/comments?post=11021"}],"version-history":[{"count":1,"href":"http:\/\/journalismes-info.ejdg.fr\/index.php\/wp-json\/wp\/v2\/posts\/11021\/revisions"}],"predecessor-version":[{"id":11077,"href":"http:\/\/journalismes-info.ejdg.fr\/index.php\/wp-json\/wp\/v2\/posts\/11021\/revisions\/11077"}],"wp:attachment":[{"href":"http:\/\/journalismes-info.ejdg.fr\/index.php\/wp-json\/wp\/v2\/media?parent=11021"}],"wp:term":[{"taxonomy":"category","embeddable":true,"href":"http:\/\/journalismes-info.ejdg.fr\/index.php\/wp-json\/wp\/v2\/categories?post=11021"},{"taxonomy":"post_tag","embeddable":true,"href":"http:\/\/journalismes-info.ejdg.fr\/index.php\/wp-json\/wp\/v2\/tags?post=11021"}],"curies":[{"name":"wp","href":"https:\/\/api.w.org\/{rel}","templated":true}]}}