{"id":10985,"date":"2024-03-27T15:14:04","date_gmt":"2024-03-27T14:14:04","guid":{"rendered":"http:\/\/journalismes-info.ejdg.fr\/?p=10985"},"modified":"2024-03-27T15:22:33","modified_gmt":"2024-03-27T14:22:33","slug":"quart-de-tours-nathalie-iannetta-directrice-des-sports-a-radio-france","status":"publish","type":"post","link":"http:\/\/journalismes-info.ejdg.fr\/index.php\/2024\/03\/27\/quart-de-tours-nathalie-iannetta-directrice-des-sports-a-radio-france\/","title":{"rendered":"QUART DE TOURS#3 &#8211; Nathalie Iannetta, directrice des Sports \u00e0 Radio France"},"content":{"rendered":"\n<figure class=\"wp-block-image size-full\"><img loading=\"lazy\" width=\"594\" height=\"420\" src=\"http:\/\/journalismes-info.ejdg.fr\/wp-content\/uploads\/2024\/03\/VRAILOGO_QUARTDETOURS-removebg-preview-2.png\" alt=\"\" class=\"wp-image-10988\" srcset=\"http:\/\/journalismes-info.ejdg.fr\/wp-content\/uploads\/2024\/03\/VRAILOGO_QUARTDETOURS-removebg-preview-2.png 594w, http:\/\/journalismes-info.ejdg.fr\/wp-content\/uploads\/2024\/03\/VRAILOGO_QUARTDETOURS-removebg-preview-2-250x177.png 250w, http:\/\/journalismes-info.ejdg.fr\/wp-content\/uploads\/2024\/03\/VRAILOGO_QUARTDETOURS-removebg-preview-2-400x284.png 400w\" sizes=\"(max-width: 594px) 100vw, 594px\" \/><\/figure>\n\n\n\n<figure class=\"wp-block-embed is-type-video is-provider-youtube wp-block-embed-youtube wp-embed-aspect-16-9 wp-has-aspect-ratio\"><div class=\"wp-block-embed__wrapper\">\n<iframe loading=\"lazy\" title=\"QUART DE TOURS#3 - Nathalie Iannetta, directrice des Sports \u00e0 Radio France\" width=\"1080\" height=\"608\" src=\"https:\/\/www.youtube.com\/embed\/XY519Wts2JY?feature=oembed\" frameborder=\"0\" allow=\"accelerometer; autoplay; clipboard-write; encrypted-media; gyroscope; picture-in-picture; web-share\" referrerpolicy=\"strict-origin-when-cross-origin\" allowfullscreen><\/iframe>\n<\/div><\/figure>\n\n\n\n<p>La troisi\u00e8me invit\u00e9e de Quart de Tours est Nathalie Iannetta, directrice des Sports \u00e0 Radio France.<\/p>\n\n\n\n<p>Quart de Tours, c\u2019est la capsule vid\u00e9o de la d\u00e9l\u00e9gation de l\u2019EJDG aux Assises du journalisme de Tours de 2024. Au sommaire, cinq questions sur le m\u00e9tier de journaliste sportif.ve. Pour cette troisi\u00e8me capsule, c\u2019estNathalie Iannetta, directrice des Sports \u00e0 Radio France, qui r\u00e9pond \u00e0 nos questions.<\/p>\n\n\n\n<p>Une capsule vid\u00e9o r\u00e9alis\u00e9e par C\u00e9lia Merckens, Savannah Ruellan et Dylan Prieur.<\/p>\n","protected":false},"excerpt":{"rendered":"<p>La troisi\u00e8me invit\u00e9e de Quart de Tours est Nathalie Iannetta, directrice des Sports \u00e0 Radio France. Quart de Tours, c\u2019est la capsule vid\u00e9o de la d\u00e9l\u00e9gation de l\u2019EJDG aux Assises du journalisme de Tours de 2024. Au sommaire, cinq questions sur le m\u00e9tier de journaliste sportif.ve. Pour cette troisi\u00e8me capsule, c\u2019estNathalie Iannetta, directrice des Sports [&hellip;]<\/p>\n","protected":false},"author":240,"featured_media":10988,"comment_status":"closed","ping_status":"closed","sticky":false,"template":"","format":"standard","meta":[],"categories":[20,23,11],"tags":[533,1656,1681],"_links":{"self":[{"href":"http:\/\/journalismes-info.ejdg.fr\/index.php\/wp-json\/wp\/v2\/posts\/10985"}],"collection":[{"href":"http:\/\/journalismes-info.ejdg.fr\/index.php\/wp-json\/wp\/v2\/posts"}],"about":[{"href":"http:\/\/journalismes-info.ejdg.fr\/index.php\/wp-json\/wp\/v2\/types\/post"}],"author":[{"embeddable":true,"href":"http:\/\/journalismes-info.ejdg.fr\/index.php\/wp-json\/wp\/v2\/users\/240"}],"replies":[{"embeddable":true,"href":"http:\/\/journalismes-info.ejdg.fr\/index.php\/wp-json\/wp\/v2\/comments?post=10985"}],"version-history":[{"count":2,"href":"http:\/\/journalismes-info.ejdg.fr\/index.php\/wp-json\/wp\/v2\/posts\/10985\/revisions"}],"predecessor-version":[{"id":10993,"href":"http:\/\/journalismes-info.ejdg.fr\/index.php\/wp-json\/wp\/v2\/posts\/10985\/revisions\/10993"}],"wp:featuredmedia":[{"embeddable":true,"href":"http:\/\/journalismes-info.ejdg.fr\/index.php\/wp-json\/wp\/v2\/media\/10988"}],"wp:attachment":[{"href":"http:\/\/journalismes-info.ejdg.fr\/index.php\/wp-json\/wp\/v2\/media?parent=10985"}],"wp:term":[{"taxonomy":"category","embeddable":true,"href":"http:\/\/journalismes-info.ejdg.fr\/index.php\/wp-json\/wp\/v2\/categories?post=10985"},{"taxonomy":"post_tag","embeddable":true,"href":"http:\/\/journalismes-info.ejdg.fr\/index.php\/wp-json\/wp\/v2\/tags?post=10985"}],"curies":[{"name":"wp","href":"https:\/\/api.w.org\/{rel}","templated":true}]}}