{"id":10963,"date":"2024-03-27T13:22:27","date_gmt":"2024-03-27T12:22:27","guid":{"rendered":"http:\/\/journalismes-info.ejdg.fr\/?p=10963"},"modified":"2024-03-31T20:12:08","modified_gmt":"2024-03-31T18:12:08","slug":"urgence-climatique-le-vent-tourne-pour-les-pratiques-journalistiques","status":"publish","type":"post","link":"http:\/\/journalismes-info.ejdg.fr\/index.php\/2024\/03\/27\/urgence-climatique-le-vent-tourne-pour-les-pratiques-journalistiques\/","title":{"rendered":"Urgence climatique : le vent tourne pour les pratiques journalistiques"},"content":{"rendered":"\n<p>Comment couvrir le changement climatique ? Comment r\u00e9veiller les consciences \u00e0 ce sujet ? Depuis 2022, avec la <em>Charte pour un journalisme \u00e0 la hauteur de l\u2019urgence \u00e9cologique, <\/em>les pratiques m\u00e9diatiques sont en mutation. Ces changements sont au c\u0153ur du rendez-vous annuel des <em>Assises du journalisme<\/em> consacr\u00e9 aux liens entre les enjeux climatiques et la presse.<\/p>\n\n\n\n<figure class=\"wp-block-image size-large\"><img loading=\"lazy\" width=\"1024\" height=\"768\" src=\"http:\/\/journalismes-info.ejdg.fr\/wp-content\/uploads\/2024\/03\/Emma-Climat-1024x768.jpg\" alt=\"\" class=\"wp-image-10964\" srcset=\"http:\/\/journalismes-info.ejdg.fr\/wp-content\/uploads\/2024\/03\/Emma-Climat-1024x768.jpg 1024w, http:\/\/journalismes-info.ejdg.fr\/wp-content\/uploads\/2024\/03\/Emma-Climat-250x188.jpg 250w, http:\/\/journalismes-info.ejdg.fr\/wp-content\/uploads\/2024\/03\/Emma-Climat-768x576.jpg 768w, http:\/\/journalismes-info.ejdg.fr\/wp-content\/uploads\/2024\/03\/Emma-Climat-1536x1152.jpg 1536w, http:\/\/journalismes-info.ejdg.fr\/wp-content\/uploads\/2024\/03\/Emma-Climat-2048x1536.jpg 2048w, http:\/\/journalismes-info.ejdg.fr\/wp-content\/uploads\/2024\/03\/Emma-Climat-1080x810.jpg 1080w\" sizes=\"(max-width: 1024px) 100vw, 1024px\" \/><figcaption>De gauche \u00e0 droite : Val\u00e9rie Martin (Ademe), Pierre Petillault (Alliance de la Presse d\u2019Information G\u00e9n\u00e9rale),&nbsp; Laurie Debove ( La Rel\u00e8ve et la Peste), Christelle Chiroux ( Fondation TF1),Virginie En\u00e9e (Ouest France) et Gilles Van Kote ( Le Monde) ont particip\u00e9 au d\u00e9bat \u201c <em>Urgence climatique et responsabilit\u00e9s journalistiques : comment les m\u00e9dias s\u2019engagent ?<\/em>\u201d, anim\u00e9 par Jean Sauvignon (Quota Climat). Cr\u00e9dit : Emma Th\u00e9obald<\/figcaption><\/figure>\n\n\n\n<p>\u00ab <em>Qui dans la salle est convaincu que le d\u00e9r\u00e8glement climatique est d\u2019origine humaine <\/em>? \u00bb, sonde Jean Sauvignon, responsable du barom\u00e8tre de Quota Climat. Cette question introductive n\u2019est pas anodine. Quasiment l\u2019ensemble des spectateurs l\u00e8vent la main.&nbsp; \u00ab <em>C\u2019est \u00e9tonnant, quand on sait que<\/em><a href=\"https:\/\/www.jean-jaures.org\/publication\/climatoscepticisme-le-nouvel-horizon-du-populisme-francais\/\"><em> <strong>37% des Fran\u00e7ais sont climatosceptiques<\/strong><\/em><\/a><em>. Les m\u00e9dias ont un r\u00f4le dans cette statistique, mais certains m\u00e9dias et journalistes s\u2019engagent pour mieux aborder l\u2019urgence climatique.<\/em> \u00bb<\/p>\n\n\n\n<p>En 2020, une \u00e9tude men\u00e9e par<a href=\"https:\/\/www.sciencedirect.com\/science\/article\/pii\/S0959378023000419?via%3Dihub\"> <strong>des chercheurs de l\u2019universit\u00e9 de Lausanne<\/strong><\/a> a point\u00e9 du doigt le traitement inadapt\u00e9 du changement climatique, qui peut contribuer \u00e0 renforcer l\u2019inaction. Modifier les pratiques journalistiques pour mieux aborder la th\u00e9matique est d\u00e9sormais un enjeu central de la profession. Les chartes sign\u00e9es<a href=\"https:\/\/chartejournalismeecologie.fr\/\"> <strong>par les m\u00e9dias<\/strong><\/a> ou<a href=\"https:\/\/www.ouest-france.fr\/environnement\/ouest-france-se-dote-d-une-charte-pour-un-journalisme-au-niveau-de-l-enjeu-ecologique-ef705d7e-9bcf-11ed-ad46-93836c73937c\"> <\/a><strong><a href=\"https:\/\/www.ouest-france.fr\/environnement\/ouest-france-se-dote-d-une-charte-pour-un-journalisme-au-niveau-de-l-enjeu-ecologique-ef705d7e-9bcf-11ed-ad46-93836c73937c\">cr\u00e9\u00e9es au sein des r\u00e9dactions<\/a> <\/strong>ont ainsi propos\u00e9 des pistes de changements \u00e0 op\u00e9rer.&nbsp;&nbsp;<\/p>\n\n\n\n<p><strong>Une approche syst\u00e9mique du changement climatique<\/strong><\/p>\n\n\n\n<p>Le changement climatique est une th\u00e9matique \u00e0 part enti\u00e8re, qui irrigue cependant d\u2019autres domaines de la vie quotidienne. \u00ab <em>On ajoute le prisme du d\u00e9r\u00e8glement climatique dans beaucoup de nos sujets <\/em>\u00bb, expose Christelle Chiroux, directrice d\u00e9l\u00e9gu\u00e9e de la Fondation TF1. \u00c9conomie, politique, soci\u00e9t\u00e9, agriculture, culture \u2026 Ces rubriques peuvent \u00eatre abord\u00e9es avec un \u00e9clairage environnemental.<\/p>\n\n\n\n<p>Les journalistes peuvent consid\u00e9rer l\u2019environnement comme un sujet ind\u00e9pendant, ou prendre le parti de questionner les enjeux climatiques de mani\u00e8re transversale. Pour Virginie En\u00e9e, journaliste \u00e0 Ouest France, les occasions sont r\u00e9currentes : \u00ab <em>On peut parler de l\u2019impact carbone d\u2019un \u00e9v\u00e9nement culturel, du poids de l\u2019industrie textile, ou encore du bilan carbone du secteur a\u00e9rien quand on parle d\u2019une entreprise dans la rubrique \u00c9conomie.<\/em> \u00bb<\/p>\n\n\n\n<p><strong>\u00ab&nbsp; <em>On se place du c\u00f4t\u00e9 du consensus scientifique \u00bb<\/em><\/strong><\/p>\n\n\n\n<p>Au-del\u00e0 de la quantit\u00e9 d\u2019informations consacr\u00e9e au changement climatique, la qualit\u00e9 de ces informations est essentielle. Pour ne pas noyer le spectateur et retenir son attention, Christelle Chiroux conseille de \u00ab <em>ne pas faire 50 000 sujets, mais un bien r\u00e9alis\u00e9 avec de l\u2019innovation et de la p\u00e9dagogie, comme notre sujet \u00e0 l\u2019occasion de la COP \u00e0 Duba\u00ef<\/em> \u00bb. L\u2019\u00e9mission de TF1 en question, \u00ab<strong> <a href=\"https:\/\/www.youtube.com\/watch?v=BTUVUg9RQSg\"><em>Pourquoi le climat se r\u00e9chauffe ? Tout comprendre en 6 minutes \u00bb<\/em><\/a>,<\/strong> aurait ainsi rencontr\u00e9 un franc succ\u00e8s.<\/p>\n\n\n\n<figure class=\"wp-block-embed is-type-video is-provider-youtube wp-block-embed-youtube wp-embed-aspect-16-9 wp-has-aspect-ratio\"><div class=\"wp-block-embed__wrapper\">\n<iframe loading=\"lazy\" title=\"Pourquoi le climat se r\u00e9chauffe ? Tout comprendre en 6 minutes\" width=\"1080\" height=\"608\" src=\"https:\/\/www.youtube.com\/embed\/BTUVUg9RQSg?feature=oembed\" frameborder=\"0\" allow=\"accelerometer; autoplay; clipboard-write; encrypted-media; gyroscope; picture-in-picture; web-share\" referrerpolicy=\"strict-origin-when-cross-origin\" allowfullscreen><\/iframe>\n<\/div><\/figure>\n\n\n\n<p>\u00c9pisodes de froid en hiver, quelques jours de pluie en \u00e9t\u00e9 : les variations m\u00e9t\u00e9orologiques font le lit des th\u00e8ses climatosceptiques. Face \u00e0 cela, certains journalistes comme Virginie En\u00e9e soulignent la n\u00e9cessit\u00e9 de s\u2019aligner sur le consensus scientifique, \u00ab <em>tout en pr\u00e9servant le contradictoire<\/em> \u00bb. L\u2019enjeu ? <em>\u00ab Ne pas laisser place aux propos climatosceptiques, car la rectificaton a peu d\u2019impact sur les opinions une fois que la fausse information est diffus\u00e9e<\/em> \u00bb, alerte Jean Sauvignon. Pour Laurie Debove, r\u00e9dactrice en chef de La Rel\u00e8ve et la peste, donner la parole \u00e0 des climatosceptiques transmet un message <em>\u00ab confus et incoh\u00e9rent<\/em> \u00bb au public.<\/p>\n\n\n\n<p><strong>Pour passer \u00e0 l\u2019action : parler solutions<\/strong><\/p>\n\n\n\n<p>La couverture m\u00e9diatique du changement climatique est ind\u00e9niablement en augmentation (voir l\u2019infographie ci-dessous). Mais elle reste le plus souvent concentr\u00e9e sur les cons\u00e9quences de celui-ci, parfois m\u00eame en oubliant de corr\u00e9ler les ph\u00e9nom\u00e8nes extr\u00eames au r\u00e9chauffement. Pour preuve, les photos de plage illustrant <a href=\"https:\/\/www.lemonde.fr\/international\/article\/2024\/03\/19\/au-bresil-les-favelas-touchees-de-plein-fouet-par-la-canicule_6222934_3210.html\"><strong>la canicule \u00e0 Rio<\/strong><\/a> ce mois-ci,<a href=\"https:\/\/www.francebleu.fr\/infos\/meteo\/canicule-22-jours-en-vigilance-orange-un-record-de-france-pour-les-alpes-maritimes-4981155\"> <strong>ou celle de l\u2019\u00e9t\u00e9 2023.<\/strong><\/a><\/p>\n\n\n\n<figure class=\"wp-block-embed is-type-wp-embed is-provider-flourish wp-block-embed-flourish\"><div class=\"wp-block-embed__wrapper\">\n<iframe class=\"wp-embedded-content\" sandbox=\"allow-scripts\" security=\"restricted\" title=\"Interactive or visual content\" src=\"https:\/\/flo.uri.sh\/visualisation\/17294287\/embed#?secret=m4OwnbPklI\" data-secret=\"m4OwnbPklI\" frameborder=\"0\" scrolling=\"no\" height=\"575\" width=\"700\"><\/iframe>\n<\/div><\/figure>\n\n\n\n<p>Pour le responsable du barom\u00e8tre de Quota Climat, il faut \u00e9galement aborder les solutions pour lutter contre le r\u00e9chauffement climatique : \u00ab <em>La peur permet de catalyser le passage \u00e0 l\u2019action, mais uniquement quand on conna\u00eet les solutions\u2026 Des solutions efficaces, pas celles technologiques qui ont un impact marginal ! <\/em>\u00bb Selon<a href=\"https:\/\/reportersdespoirs.org\/wp-content\/uploads\/2020\/07\/Etude_Climat_ReportersdEspoirs_07072020.pdf\"> <strong>une \u00e9tude de Reporters d\u2019espoirs<\/strong><\/a>, en 2020, 53% des Fran\u00e7ais consid\u00e9raient que le sujet du r\u00e9chauffement climatique \u00e9tait mal trait\u00e9.&nbsp;<\/p>\n\n\n\n<p><strong>Emma Th\u00e9obald<\/strong><\/p>\n","protected":false},"excerpt":{"rendered":"<p>Comment couvrir le changement climatique ? Comment r\u00e9veiller les consciences \u00e0 ce sujet ? Depuis 2022, avec la Charte pour un journalisme \u00e0 la hauteur de l\u2019urgence \u00e9cologique, les pratiques m\u00e9diatiques sont en mutation. Ces changements sont au c\u0153ur du rendez-vous annuel des Assises du journalisme consacr\u00e9 aux liens entre les enjeux climatiques et la [&hellip;]<\/p>\n","protected":false},"author":249,"featured_media":10974,"comment_status":"closed","ping_status":"closed","sticky":false,"template":"","format":"standard","meta":[],"categories":[3,20,23],"tags":[1651,1676],"_links":{"self":[{"href":"http:\/\/journalismes-info.ejdg.fr\/index.php\/wp-json\/wp\/v2\/posts\/10963"}],"collection":[{"href":"http:\/\/journalismes-info.ejdg.fr\/index.php\/wp-json\/wp\/v2\/posts"}],"about":[{"href":"http:\/\/journalismes-info.ejdg.fr\/index.php\/wp-json\/wp\/v2\/types\/post"}],"author":[{"embeddable":true,"href":"http:\/\/journalismes-info.ejdg.fr\/index.php\/wp-json\/wp\/v2\/users\/249"}],"replies":[{"embeddable":true,"href":"http:\/\/journalismes-info.ejdg.fr\/index.php\/wp-json\/wp\/v2\/comments?post=10963"}],"version-history":[{"count":2,"href":"http:\/\/journalismes-info.ejdg.fr\/index.php\/wp-json\/wp\/v2\/posts\/10963\/revisions"}],"predecessor-version":[{"id":10973,"href":"http:\/\/journalismes-info.ejdg.fr\/index.php\/wp-json\/wp\/v2\/posts\/10963\/revisions\/10973"}],"wp:featuredmedia":[{"embeddable":true,"href":"http:\/\/journalismes-info.ejdg.fr\/index.php\/wp-json\/wp\/v2\/media\/10974"}],"wp:attachment":[{"href":"http:\/\/journalismes-info.ejdg.fr\/index.php\/wp-json\/wp\/v2\/media?parent=10963"}],"wp:term":[{"taxonomy":"category","embeddable":true,"href":"http:\/\/journalismes-info.ejdg.fr\/index.php\/wp-json\/wp\/v2\/categories?post=10963"},{"taxonomy":"post_tag","embeddable":true,"href":"http:\/\/journalismes-info.ejdg.fr\/index.php\/wp-json\/wp\/v2\/tags?post=10963"}],"curies":[{"name":"wp","href":"https:\/\/api.w.org\/{rel}","templated":true}]}}