{"id":10956,"date":"2024-03-27T09:38:33","date_gmt":"2024-03-27T08:38:33","guid":{"rendered":"http:\/\/journalismes-info.ejdg.fr\/?p=10956"},"modified":"2024-03-27T15:21:08","modified_gmt":"2024-03-27T14:21:08","slug":"quart-de-tours-leandre-leber-de-la-gazette-des-sports","status":"publish","type":"post","link":"http:\/\/journalismes-info.ejdg.fr\/index.php\/2024\/03\/27\/quart-de-tours-leandre-leber-de-la-gazette-des-sports\/","title":{"rendered":"QUART DE TOURS#1 &#8211; L\u00e9andre Leber de la Gazette des Sports"},"content":{"rendered":"\n<figure class=\"wp-block-embed is-type-video is-provider-youtube wp-block-embed-youtube wp-embed-aspect-16-9 wp-has-aspect-ratio\"><div class=\"wp-block-embed__wrapper\">\n<iframe loading=\"lazy\" title=\"QUART DE TOURS#1 - Le\u0301andre Leber de la Gazette des sports\" width=\"1080\" height=\"608\" src=\"https:\/\/www.youtube.com\/embed\/qL6gbGEy9y4?list=PLbjIAiOyfMawVR9OIjBvAYCCXDsQ3cJQE\" frameborder=\"0\" allow=\"accelerometer; autoplay; clipboard-write; encrypted-media; gyroscope; picture-in-picture; web-share\" referrerpolicy=\"strict-origin-when-cross-origin\" allowfullscreen><\/iframe>\n<\/div><figcaption>Le premier invit\u00e9 de Quart de Tours est L\u00e9andre Leber, fondateur de la Gazette des Sports.<\/figcaption><\/figure>\n\n\n\n<p>Quart de Tours, c&rsquo;est la capsule vid\u00e9o de la d\u00e9l\u00e9gation de l&rsquo;EJDG aux Assises du journalisme de Tours de 2024. Au sommaire, cinq questions sur le m\u00e9tier de journaliste sportif.ve. Pour cette premi\u00e8re capsule, c&rsquo;est L\u00e9andre Leber, fondateur de la Gazette des Sports, qui r\u00e9pond \u00e0 nos questions.<\/p>\n\n\n\n<p> Une capsule vid\u00e9o r\u00e9alis\u00e9e par Justine Lyannaz-Martinez et Nah\u00e9ma Roux.<\/p>\n","protected":false},"excerpt":{"rendered":"<p>Quart de Tours, c&rsquo;est la capsule vid\u00e9o de la d\u00e9l\u00e9gation de l&rsquo;EJDG aux Assises du journalisme de Tours de 2024. Au sommaire, cinq questions sur le m\u00e9tier de journaliste sportif.ve. Pour cette premi\u00e8re capsule, c&rsquo;est L\u00e9andre Leber, fondateur de la Gazette des Sports, qui r\u00e9pond \u00e0 nos questions. Une capsule vid\u00e9o r\u00e9alis\u00e9e par Justine Lyannaz-Martinez [&hellip;]<\/p>\n","protected":false},"author":240,"featured_media":10959,"comment_status":"closed","ping_status":"closed","sticky":false,"template":"","format":"standard","meta":[],"categories":[20,11],"tags":[533,1652,1662,1663,1661,279,567,1653,1660,571,1678],"_links":{"self":[{"href":"http:\/\/journalismes-info.ejdg.fr\/index.php\/wp-json\/wp\/v2\/posts\/10956"}],"collection":[{"href":"http:\/\/journalismes-info.ejdg.fr\/index.php\/wp-json\/wp\/v2\/posts"}],"about":[{"href":"http:\/\/journalismes-info.ejdg.fr\/index.php\/wp-json\/wp\/v2\/types\/post"}],"author":[{"embeddable":true,"href":"http:\/\/journalismes-info.ejdg.fr\/index.php\/wp-json\/wp\/v2\/users\/240"}],"replies":[{"embeddable":true,"href":"http:\/\/journalismes-info.ejdg.fr\/index.php\/wp-json\/wp\/v2\/comments?post=10956"}],"version-history":[{"count":2,"href":"http:\/\/journalismes-info.ejdg.fr\/index.php\/wp-json\/wp\/v2\/posts\/10956\/revisions"}],"predecessor-version":[{"id":10991,"href":"http:\/\/journalismes-info.ejdg.fr\/index.php\/wp-json\/wp\/v2\/posts\/10956\/revisions\/10991"}],"wp:featuredmedia":[{"embeddable":true,"href":"http:\/\/journalismes-info.ejdg.fr\/index.php\/wp-json\/wp\/v2\/media\/10959"}],"wp:attachment":[{"href":"http:\/\/journalismes-info.ejdg.fr\/index.php\/wp-json\/wp\/v2\/media?parent=10956"}],"wp:term":[{"taxonomy":"category","embeddable":true,"href":"http:\/\/journalismes-info.ejdg.fr\/index.php\/wp-json\/wp\/v2\/categories?post=10956"},{"taxonomy":"post_tag","embeddable":true,"href":"http:\/\/journalismes-info.ejdg.fr\/index.php\/wp-json\/wp\/v2\/tags?post=10956"}],"curies":[{"name":"wp","href":"https:\/\/api.w.org\/{rel}","templated":true}]}}